{"id":1698,"date":"2014-06-13T18:49:30","date_gmt":"2014-06-13T16:49:30","guid":{"rendered":"http:\/\/blogs.diariosur.es\/avuelapluma\/?p=1698"},"modified":"2014-06-13T18:49:30","modified_gmt":"2014-06-13T16:49:30","slug":"podemos","status":"publish","type":"post","link":"https:\/\/blogs.diariosur.es\/avuelapluma\/2014\/06\/13\/podemos\/","title":{"rendered":"Irrupci\u00f3n del movimiento Podemos"},"content":{"rendered":"<p><img loading=\"lazy\" id=\"irc_mi\" style=\"margin-top: 58px;\" src=\"\/\/www.diariosur.es\/RC\/201406\/05\/media\/cortadas\/pablo-iglesias--575x323.jpg\" alt=\"\" width=\"495\" height=\"278\" \/><\/p>\n<p class=\"ecxMsoNormal\" style=\"text-align: justify; text-justify: inter-ideograph;\"><strong>\u00a0<\/strong><\/p>\n<p class=\"ecxMsoNormal\" style=\"text-align: justify; text-justify: inter-ideograph;\"><strong>Intenta abrirse paso en el panorama pol\u00edtico espa\u00f1ol el<span>\u00a0 <\/span>movimiento Podemos, del cual se habla largo y tendido desde que en las pasadas elecciones europeas dejara a algunos boquiabiertos por el asombro ante el magn\u00edfico resultado obtenido. Nada menos que cinco de sus miembros sentar\u00e1n sus posaderas en el Parlamento Europeo, precisamente en medio de esa llamada por sus l\u00edderes casta pol\u00edtica con no pocas intenciones de vituperio hacia ella. <\/strong><\/p>\n<p class=\"ecxMsoNormal\" style=\"text-align: justify; text-justify: inter-ideograph;\"><strong>Los que pronosticaban<span>\u00a0 <\/span>para la formaci\u00f3n un sue\u00f1o de verano de imposible materializaci\u00f3n empiezan ya a admitir que vino para quedarse. Incluso en M\u00e1laga y la provincia \u2013 hay peque\u00f1os pueblos, entre otros los de la montaraz Serran\u00eda de Ronda, donde ya empieza a colear, t\u00edmidamente, pero lo hace &#8211;<span>\u00a0 <\/span>se detectan corp\u00fasculos que<span>\u00a0 <\/span>no dudan en mostrar sus simpat\u00edas por Pablo Iglesias y exteriorizan con m\u00e1s o menos contundencia verbal su advenimiento a la arena pol\u00edtica.<\/strong><\/p>\n<p class=\"ecxMsoNormal\" style=\"text-align: justify; text-justify: inter-ideograph;\"><strong><span>\u00a0\u00a0 <\/span>Sin embargo, convendr\u00eda sosegarnos y, sobre todo, mirar con lupa y sopesar la cascada de promesas que la nov\u00edsima formaci\u00f3n ofrece a quienes, maltratados y descontentos con la actual situaci\u00f3n pol\u00edtica del pa\u00eds, los casos de corrupci\u00f3n imperantes, la desconexi\u00f3n de los grandes partidos con la gente de a pie, y<span>\u00a0 <\/span>el largo etc\u00e9tera de cuestiones que nos agobian, la reciben como un man\u00e1 que vendr\u00eda a acabar con sus tribulaciones. No es oro todo lo que reluce, que sentencian los m\u00e1s viejos de cada lugar, con esa sapiencia que dan los a\u00f1os.<\/strong><\/p>\n<p class=\"ecxMsoNormal\" style=\"text-align: justify; text-justify: inter-ideograph;\"><strong><span>\u00a0\u00a0 <\/span>Por lo pronto habr\u00eda que considerar si se abomina de Europa, \u00bfc\u00f3mo es que se aspira a figurar entre los que encausan y marcan los pasos y <span>\u00a0<\/span>las directrices europeas? Que se quiera o no estamos en ella, para bien o para mal y resulta un contrasentido combatir esa permanencia que resulta crucial para el entendimiento y desarrollo de los pa\u00edses que figuran en la alianza. <\/strong><\/p>\n<p class=\"ecxMsoNormal\" style=\"text-align: justify; text-justify: inter-ideograph;\"><strong>\u00a0 \u00bf Se podr\u00edan expropiar los bancos y las empresas como se propugna alegremente? \u00bf Podr\u00edamos abjurar de la deuda p\u00fablica y negarla sin m\u00e1s haciendo tabla rasa de los intereses de nuestros acreedores? Y si eso se lleva a cabo, \u00bfqui\u00e9n volver\u00eda a prestarnos dinero para solventar nuestras urgencias de pagos?&#8230; Subir los salarios, se preconiza, pero, \u00bflo soportar\u00e1n las empresas? \u00bf No se buscar\u00edan otros conductos en el exterior para fabricar lo que aqu\u00ed se har\u00eda inviable con alzas desmedidas de soldadas? \u00bf Resistir\u00eda la Seguridad Social si nos jubilamos en edades m\u00e1s tempranas y no entran en las reservas lo que garantiza un remanente para atender las pensiones?&#8230;<\/strong><\/p>\n<p class=\"ecxMsoBodyText2\"><span>\u00a0\u00a0\u00a0 <\/span>Cree uno, sin la menor animadversi\u00f3n a quienes se muestran<span>\u00a0 <\/span>adalides del nuevo movimiento social \u2013 que tienen todo el derecho a pronunciarse, a hilvanar manifestaciones y a pedir un refer\u00e9ndum sobre un nuevo modelo de Estado mon\u00e1rquico o republicano -,<span>\u00a0\u00a0 <\/span>que se habr\u00edan de considerar las posibilidades de que las demandas sociales que ahora est\u00e1n en candelero puedan llegar a<span>\u00a0 <\/span>buen puerto.<span>\u00a0 <\/span>Porque, \u00bfpodemos? \u00bfO no ser\u00e1n sino ruido de<span>\u00a0 <\/span>salvas al aire condenadas a desvanecerse a poco que sople el viento?<\/p>\n<p class=\"ecxMsoBodyText2\">Foto: Diario SUR<\/p>\n<p class=\"ecxMsoBodyText2\">\n","protected":false},"excerpt":{"rendered":"<p>\u00a0 Intenta abrirse paso en el panorama pol\u00edtico espa\u00f1ol el\u00a0 movimiento Podemos, del cual se habla largo y tendido desde que en las pasadas elecciones europeas dejara a algunos boquiabiertos por el asombro ante el magn\u00edfico resultado obtenido. Nada menos que cinco de sus miembros sentar\u00e1n sus posaderas en el Parlamento Europeo, precisamente en medio [&hellip;]<\/p>\n","protected":false},"author":27495,"featured_media":0,"comment_status":"open","ping_status":"open","sticky":false,"template":"","format":"standard","meta":[],"categories":[3,18],"tags":[555,709,829],"_links":{"self":[{"href":"https:\/\/blogs.diariosur.es\/avuelapluma\/wp-json\/wp\/v2\/posts\/1698"}],"collection":[{"href":"https:\/\/blogs.diariosur.es\/avuelapluma\/wp-json\/wp\/v2\/posts"}],"about":[{"href":"https:\/\/blogs.diariosur.es\/avuelapluma\/wp-json\/wp\/v2\/types\/post"}],"author":[{"embeddable":true,"href":"https:\/\/blogs.diariosur.es\/avuelapluma\/wp-json\/wp\/v2\/users\/27495"}],"replies":[{"embeddable":true,"href":"https:\/\/blogs.diariosur.es\/avuelapluma\/wp-json\/wp\/v2\/comments?post=1698"}],"version-history":[{"count":0,"href":"https:\/\/blogs.diariosur.es\/avuelapluma\/wp-json\/wp\/v2\/posts\/1698\/revisions"}],"wp:attachment":[{"href":"https:\/\/blogs.diariosur.es\/avuelapluma\/wp-json\/wp\/v2\/media?parent=1698"}],"wp:term":[{"taxonomy":"category","embeddable":true,"href":"https:\/\/blogs.diariosur.es\/avuelapluma\/wp-json\/wp\/v2\/categories?post=1698"},{"taxonomy":"post_tag","embeddable":true,"href":"https:\/\/blogs.diariosur.es\/avuelapluma\/wp-json\/wp\/v2\/tags?post=1698"}],"curies":[{"name":"wp","href":"https:\/\/api.w.org\/{rel}","templated":true}]}}