{"id":1704,"date":"2014-06-18T18:53:04","date_gmt":"2014-06-18T16:53:04","guid":{"rendered":"http:\/\/blogs.diariosur.es\/avuelapluma\/?p=1704"},"modified":"2014-06-18T18:53:04","modified_gmt":"2014-06-18T16:53:04","slug":"el-alcalde-de-malaga-renuncia-al-senado","status":"publish","type":"post","link":"https:\/\/blogs.diariosur.es\/avuelapluma\/2014\/06\/18\/el-alcalde-de-malaga-renuncia-al-senado\/","title":{"rendered":"El alcalde de M\u00e1laga renuncia al Senado"},"content":{"rendered":"<p>&nbsp;<\/p>\n<p class=\"MsoBodyText2\"><img loading=\"lazy\" id=\"irc_mi\" style=\"margin-top: 94px;\" src=\"\/\/proyectos.diariosur.es\/entretuit\/francisco-de-la-torre.jpg\" alt=\"\" width=\"495\" height=\"207\" \/><\/p>\n<p class=\"MsoBodyText2\">\n<p class=\"MsoBodyText2\">Francisco de la Torre, primer edil del Ayuntamiento de M\u00e1laga, renuncia a un alto cargo de alcance nacional. Dice no al Senado y se conforma con dirigir los destinos de M\u00e1laga y los malague\u00f1os mientras<span style=\"mso-spacerun: yes;\">\u00a0 <\/span>\u00e9stos le sigan concediendo el voto. Pienso para m\u00ed que ha hecho suyos un par de dichos harto socorridos en la provincia. Uno dice que \u201cquien<span style=\"mso-spacerun: yes;\">\u00a0 <\/span>m\u00e1s<span style=\"mso-spacerun: yes;\">\u00a0\u00a0\u00a0 <\/span>corre m\u00e1s atr\u00e1s se haya\u201d, entre otras cosas porque se van dejando en el camino elementos que coadyuvan a garantizar un final feliz para los prop\u00f3sitos primigenios.<\/p>\n<p class=\"MsoBodyText2\"><span style=\"mso-spacerun: yes;\">\u00a0\u00a0 <\/span>Y no es que queramos afirmar que el regidor haya descuidado sus funciones en lo que toca a la defensa de la ciudad y de su gente. No; la dedicaci\u00f3n, hay que afirmarlo, ha sido plena, aunque se levanten voces en contrario, que en todo quehacer de un<span style=\"mso-spacerun: yes;\">\u00a0 <\/span>pol\u00edtico no <span style=\"mso-spacerun: yes;\">\u00a0<\/span>hay luces sin sombras. Sin embargo todos recordamos la afirmaci\u00f3n aqu\u00e9lla \u2013 por la boca muere el pez \u2013 por la que reclamaba delirantemente <span style=\"mso-spacerun: yes;\">\u00a0<\/span>25 horas al d\u00eda para dedicarlas sin merma a M\u00e1laga. Poco despu\u00e9s aspiraba al cargo de senador que logr\u00f3 sin serios contratiempos, por lo que \u201cdonde<span style=\"mso-spacerun: yes;\">\u00a0 <\/span>dije digo, digo Diego\u201d, que decimos llana y ramplonamente.<\/p>\n<p class=\"MsoBodyText2\"><span style=\"mso-spacerun: yes;\">\u00a0\u00a0 <\/span>El otro aforismo es el de \u201cquien mucho aprieta, poco abarca\u201d. Pero hay otro m\u00e1s: \u201cNo se puede estar en misa y repicando\u201d, o, lo que lo mismo, en este caso un pie en la Casona del Parque y otro en la C\u00e1mara Alta de la madrile\u00f1a Plaza de La Marina.<span style=\"mso-spacerun: yes;\">\u00a0 <\/span>Parece que alcalde se ha percatado de ello o se lo han hecho ver desde las instancias superiores del Partido Popular,<span style=\"mso-spacerun: yes;\">\u00a0 <\/span>y es que importa y mucho que M\u00e1laga siga siendo feudo de estas siglas con alguien al frente que supo en su d\u00eda ganarse la confianza de la vecindad de manera mayoritaria.<\/p>\n<p class=\"MsoBodyText2\"><span style=\"mso-spacerun: yes;\">\u00a0\u00a0 <\/span>Ahora, a rebufo de unas elecciones europeas que han significado un serio varapalo para el partido \u2013 mayor ha sido el descalabro del PSOE, pero eso no puede justificar nada \u2013,<span style=\"mso-spacerun: yes;\">\u00a0 <\/span>Francisco de <span style=\"mso-spacerun: yes;\">\u00a0<\/span>la Torre retoma el pulso de la ciudad para intentar seguir conducirla de nuevo a buen puerto, alej\u00e1ndose de otras empresas pol\u00edticas, ajenas al sentir del <span style=\"mso-spacerun: yes;\">\u00a0<\/span>malague\u00f1o de calle.<\/p>\n<p class=\"MsoBodyText2\"><span style=\"mso-spacerun: yes;\">\u00a0<\/span>No est\u00e1 solo en la encomienda <span style=\"mso-spacerun: yes;\">\u00a0<\/span>de reafirmar el asentamiento de los populares en la provincia (acaba de reafirmar su pretensi\u00f3n de aspirar de nuevo a la Alcald\u00eda de la ciudad en los pr\u00f3ximos comicios municipales); tambi\u00e9n el presidente de la Diputaci\u00f3n, El\u00edas Bendodo, hace lo propio, volc\u00e1ndose en socorrer a la provincia,<span style=\"mso-spacerun: yes;\">\u00a0 <\/span><span style=\"mso-spacerun: yes;\">\u00a0<\/span>con los medios de los que dispone la entidad para servir estos fines. <span style=\"mso-spacerun: yes;\">\u00a0<\/span><\/p>\n<p class=\"MsoBodyText2\"><span style=\"mso-spacerun: yes;\">\u00a0\u00a0 <\/span>El tropez\u00f3n electoral \u00faltimo de los populares<span style=\"mso-spacerun: yes;\">\u00a0 <\/span>parece que exige remar juntos para no desandar el camino transitado: M\u00e1laga es un bocado apetitoso para toda fuerza pol\u00edtica que se precie y quiera sentar sus reales en ella. Y quienes la dirigen no pueden permitirse <span style=\"mso-spacerun: yes;\">\u00a0<\/span>concesiones a los contrincantes. Se han tomado en serio cualquier traspi\u00e9s que pueda ser aprovechado por los adversarios en liza.<\/p>\n","protected":false},"excerpt":{"rendered":"<p>&nbsp; Francisco de la Torre, primer edil del Ayuntamiento de M\u00e1laga, renuncia a un alto cargo de alcance nacional. Dice no al Senado y se conforma con dirigir los destinos de M\u00e1laga y los malague\u00f1os mientras\u00a0 \u00e9stos le sigan concediendo el voto. Pienso para m\u00ed que ha hecho suyos un par de dichos harto socorridos [&hellip;]<\/p>\n","protected":false},"author":27495,"featured_media":0,"comment_status":"open","ping_status":"open","sticky":false,"template":"","format":"standard","meta":[],"categories":[18],"tags":[321,645,944],"_links":{"self":[{"href":"https:\/\/blogs.diariosur.es\/avuelapluma\/wp-json\/wp\/v2\/posts\/1704"}],"collection":[{"href":"https:\/\/blogs.diariosur.es\/avuelapluma\/wp-json\/wp\/v2\/posts"}],"about":[{"href":"https:\/\/blogs.diariosur.es\/avuelapluma\/wp-json\/wp\/v2\/types\/post"}],"author":[{"embeddable":true,"href":"https:\/\/blogs.diariosur.es\/avuelapluma\/wp-json\/wp\/v2\/users\/27495"}],"replies":[{"embeddable":true,"href":"https:\/\/blogs.diariosur.es\/avuelapluma\/wp-json\/wp\/v2\/comments?post=1704"}],"version-history":[{"count":0,"href":"https:\/\/blogs.diariosur.es\/avuelapluma\/wp-json\/wp\/v2\/posts\/1704\/revisions"}],"wp:attachment":[{"href":"https:\/\/blogs.diariosur.es\/avuelapluma\/wp-json\/wp\/v2\/media?parent=1704"}],"wp:term":[{"taxonomy":"category","embeddable":true,"href":"https:\/\/blogs.diariosur.es\/avuelapluma\/wp-json\/wp\/v2\/categories?post=1704"},{"taxonomy":"post_tag","embeddable":true,"href":"https:\/\/blogs.diariosur.es\/avuelapluma\/wp-json\/wp\/v2\/tags?post=1704"}],"curies":[{"name":"wp","href":"https:\/\/api.w.org\/{rel}","templated":true}]}}