{"id":1719,"date":"2014-06-26T12:14:52","date_gmt":"2014-06-26T10:14:52","guid":{"rendered":"http:\/\/blogs.diariosur.es\/avuelapluma\/?p=1719"},"modified":"2014-06-26T12:14:52","modified_gmt":"2014-06-26T10:14:52","slug":"deje-su-dolencia-para-despues-del-verano","status":"publish","type":"post","link":"https:\/\/blogs.diariosur.es\/avuelapluma\/2014\/06\/26\/deje-su-dolencia-para-despues-del-verano\/","title":{"rendered":"Deje su dolencia para despu\u00e9s del verano"},"content":{"rendered":"<p>&nbsp;<\/p>\n<p><strong><img loading=\"lazy\" id=\"irc_ilrp_mut\" src=\"https:\/\/encrypted-tbn0.gstatic.com\/images?q=tbn:ANd9GcS0XaSV3aC2hiXzGyFW-bHeDrpPUpCLfwCFvUMi_94i8dqjpt-md4NOK9Rj\" alt=\"\" width=\"495\" height=\"176\" \/><\/strong><\/p>\n<p><strong>\u00a0<\/strong><\/p>\n<p><strong>Es un temor subyacente en todos, sea cual sea su condici\u00f3n social o econ\u00f3mica, si bien\u00a0 quienes gozan de espl\u00e9ndidas cuentas bancarias ni que decir tiene que afrontan la situaci\u00f3n con un menor agobio, lo cual es ya en s\u00ed un est\u00edmulo para presentar cara a la adversidad que todo estado comatoso impone. La cuesti\u00f3n es que si va a caer enfermo este verano se precisar\u00e1 encomendarse \u00a0a Dios. Va a necesitar la mediaci\u00f3n divina si a partir de julio y hasta que llegue septiembre si tiene la desgracia que alguna patolog\u00eda grave le aqueje y tenga que recurrir a los servicios m\u00e9dicos urgentes del\u00a0 Hospital Cl\u00ednico Universitario para poner\u00a0 coto\u00a0 a su afecci\u00f3n con la prontitud requerida.<\/strong><\/p>\n<p><strong>\u00a0\u00a0 Un escrito presentado hace dos d\u00edas en el mencionado centro hospitalario a sus m\u00e1s altos valedores por facultativos que en \u00e9l ejercen sus funciones nos deja que no nos llega la camisa al cuerpo, sobre todo a los m\u00e1s viejos, como es\u00a0 mi caso, que por un s\u00ed o por un no vemos como nuestra salud se resquebraja por d\u00eda, algo\u00a0 que se muestra m\u00e1s evidente en los meses con temperaturas extremas ya la provoquen el fr\u00edo o el calor, como ahora es el saco.<\/strong><\/p>\n<p><strong>\u00a0\u00a0 La apreciaci\u00f3n del estado \u00a0de las urgencias\u00a0 en el dispensario en cuesti\u00f3n en los meses de verano por parte de los facultativos ha sido contundente: \u201ccatastr\u00f3fica\u201d. Y en voz en grito lo han manifestado en los accesos al \u00e1rea policl\u00ednica. Se pod\u00eda decir menos alto pero no m\u00e1s claro. Se han manifestado haciendo hincapi\u00e9 en \u201clos negligentes y deficientes recursos\u201d que necesariamente, piensa uno, tienen que incidir en la atenci\u00f3n dispensada a quienes solicitan ayuda de manera apremiante. Tal es el recelo provocado porque esta asistencia flaquee en los momentos cruciales de la vida del enfermo que no han dudado en dejar constancias escritas sobre su descargo en casos que se le exijan \u201cresponsabilidad civil o penal \u201cpor estas circunstancias extremas. Se han curado en salud, y nunca mejor dicha la aseveraci\u00f3n. Es comprensible su actitud, como lo ese otro testimonio de que \u201cde los escarmentados nacen los avisados\u201d.<\/strong><\/p>\n<p><strong>\u00a0\u00a0 Reducci\u00f3n de plantillas, ausencias de refuerzos m\u00e9dicos, excesos de jornadas, entre otras irregularidades entre las que destaca que el n\u00famero de galenos en urgencias del Cl\u00ednico sea, por ejemplo, el\u00a0 mismo que atiende a las del centro de salud de Rinc\u00f3n de la Victoria \u2013 un n\u00facleo de poblaci\u00f3n infinitamente menor que la de M\u00e1laga\u00a0 capital \u2013 no deja de pesarnos como una losa a los que en la salud se refiere dejamos mucho\u00a0 que desear.<\/strong><\/p>\n<p><strong>\u00a0\u00a0 A\u00f1os atr\u00e1s viv\u00ed\u00a0 la experiencia de esperas interminables en urgencias de un hospital. Una situaci\u00f3n horripilante que no deseo ni para mi peor enemigo. Cabizbajos andamos, oiga.<\/strong><\/p>\n","protected":false},"excerpt":{"rendered":"<p>&nbsp; \u00a0 Es un temor subyacente en todos, sea cual sea su condici\u00f3n social o econ\u00f3mica, si bien\u00a0 quienes gozan de espl\u00e9ndidas cuentas bancarias ni que decir tiene que afrontan la situaci\u00f3n con un menor agobio, lo cual es ya en s\u00ed un est\u00edmulo para presentar cara a la adversidad que todo estado comatoso impone. [&hellip;]<\/p>\n","protected":false},"author":27495,"featured_media":0,"comment_status":"open","ping_status":"open","sticky":false,"template":"","format":"standard","meta":[],"categories":[3],"tags":[235,645,1040],"_links":{"self":[{"href":"https:\/\/blogs.diariosur.es\/avuelapluma\/wp-json\/wp\/v2\/posts\/1719"}],"collection":[{"href":"https:\/\/blogs.diariosur.es\/avuelapluma\/wp-json\/wp\/v2\/posts"}],"about":[{"href":"https:\/\/blogs.diariosur.es\/avuelapluma\/wp-json\/wp\/v2\/types\/post"}],"author":[{"embeddable":true,"href":"https:\/\/blogs.diariosur.es\/avuelapluma\/wp-json\/wp\/v2\/users\/27495"}],"replies":[{"embeddable":true,"href":"https:\/\/blogs.diariosur.es\/avuelapluma\/wp-json\/wp\/v2\/comments?post=1719"}],"version-history":[{"count":0,"href":"https:\/\/blogs.diariosur.es\/avuelapluma\/wp-json\/wp\/v2\/posts\/1719\/revisions"}],"wp:attachment":[{"href":"https:\/\/blogs.diariosur.es\/avuelapluma\/wp-json\/wp\/v2\/media?parent=1719"}],"wp:term":[{"taxonomy":"category","embeddable":true,"href":"https:\/\/blogs.diariosur.es\/avuelapluma\/wp-json\/wp\/v2\/categories?post=1719"},{"taxonomy":"post_tag","embeddable":true,"href":"https:\/\/blogs.diariosur.es\/avuelapluma\/wp-json\/wp\/v2\/tags?post=1719"}],"curies":[{"name":"wp","href":"https:\/\/api.w.org\/{rel}","templated":true}]}}