{"id":1729,"date":"2014-07-06T10:20:23","date_gmt":"2014-07-06T08:20:23","guid":{"rendered":"http:\/\/blogs.diariosur.es\/avuelapluma\/?p=1729"},"modified":"2014-07-06T10:20:23","modified_gmt":"2014-07-06T08:20:23","slug":"alcaldes-por-eleccion-directa","status":"publish","type":"post","link":"https:\/\/blogs.diariosur.es\/avuelapluma\/2014\/07\/06\/alcaldes-por-eleccion-directa\/","title":{"rendered":"Alcaldes por elecci\u00f3n directa"},"content":{"rendered":"<p>&nbsp;<\/p>\n<p><img loading=\"lazy\" src=\"https:\/\/encrypted-tbn3.gstatic.com\/images?q=tbn:ANd9GcRfXL6cij8rrSWtIyjuv3kvkWxs9kPPcGBbVez6CArUooKPXRQmgQ\" alt=\"\" width=\"470\" height=\"246\" \/><\/p>\n<p>&nbsp;<\/p>\n<p><strong>En los procelosos tiempos de la dictadura franquista los alcaldes acced\u00edan al principal sill\u00f3n de los consistorios cuanto eran tocados por la varita omnipotente del gobernador de la provincia correspondiente, la mayor\u00eda de las veces a instancias del cacique de pueblo de\u00a0 turno, que era, en t\u00e9rminos coloquiales \u201cel que part\u00eda el bacalao\u201d, en la vecindad. Tiempos oscuros, ya digo, que hay que desterrar al olvido. <\/strong><\/p>\n<p><strong>\u00a0 Luego, se implant\u00f3 la democracia en los a\u00f1os 80 del pasado siglo y el juego del nombramiento del primer edil se desarroll\u00f3 en otros t\u00e9rminos bien distintos: los eleg\u00eda el pueblo, pero de manera muy indirecta, de tal forma que llegaba al ejercicio de sus funciones, subvirtiendo la intenci\u00f3n de los votantes, cuando en \u00faltima instancia eran los partidos los que definitivamente le aupaban al poder municipal tras las oportunas elecciones. <\/strong><\/p>\n<p><strong>\u00a0\u00a0 Se coaligaban las formaciones participantes\u00a0 entre s\u00ed, sin hacer ascos a la ideolog\u00eda de los\u00a0 adversarios, siempre y cuando se obtuvieran rendimientos pol\u00edticos en el arbitrario mejunje. Resultado: los votantes, merced\u00a0 a cuyo apoyo el partido hab\u00eda alcanzado la victoria, no pocas veces se quedaban con un\u00a0 palmo de narices. Que se quiera que no el cabreo\u00a0 era considerable: de nada hab\u00edan servido que su candidato hubiera alzado con la lista m\u00e1s votada. Evidentemente, la democracia participativa cojeaba clamorosamente.<\/strong><\/p>\n<p><strong>\u00a0\u00a0 Las coaliciones posteriores a las elecciones, maquinadas en los consistorios, hac\u00edan que los mun\u00edcipes vieran con asombro que la alcald\u00eda ven\u00eda a parar a manos de qui\u00e9n menos se pensaban. Algo legal, contra la que nada se pod\u00eda objetar, pero que revolv\u00eda los \u00e1nimos: per s\u00e9 la norma llevaba impl\u00edcita la inestabilidad consistorial como se ha visto en innumerables ocasiones.<\/strong><\/p>\n<p><strong>\u00a0\u00a0 He venido\u00a0 hablando en pasado porque\u00a0 esta preceptiva condici\u00f3n lleva el camino de desaparecer. En las proposiciones que acaba de hacer p\u00fablico Mariano Rajoy, entre otras de \u00edndole econ\u00f3mico y fiscal, a rebufos de la hu\u00edda estrepitosa de votantes, evidentes en los comicios europeos, se desgranan las que se refieren a un plan de regeneraci\u00f3n democr\u00e1tica que devuelva a los desencantados el prestigio de partidos e instituciones de manera y forma que la elecci\u00f3n de alcaldes se haga de manera directa sin los rocambolescos tejemanejes que han perdurado hasta hoy.<\/strong><\/p>\n<p><strong>\u00a0\u00a0 Har\u00eda muy bien el presidente del Gobierno en cristalizar estas reflexiones \u2013 como la reducci\u00f3n del n\u00famero de aforados \u2013 para que lleguen a buen puerto. Como es de esperar\u00a0 que la oposici\u00f3n las de por buenas y se muestren a favor sin tapujos. Unos y otros habr\u00edan dado un estimable paso a que se aminore la desafecci\u00f3n a los pol\u00edticos que hoy es clara y notoria.<\/strong><\/p>\n","protected":false},"excerpt":{"rendered":"<p>&nbsp; &nbsp; En los procelosos tiempos de la dictadura franquista los alcaldes acced\u00edan al principal sill\u00f3n de los consistorios cuanto eran tocados por la varita omnipotente del gobernador de la provincia correspondiente, la mayor\u00eda de las veces a instancias del cacique de pueblo de\u00a0 turno, que era, en t\u00e9rminos coloquiales \u201cel que part\u00eda el bacalao\u201d, [&hellip;]<\/p>\n","protected":false},"author":27495,"featured_media":0,"comment_status":"open","ping_status":"open","sticky":false,"template":"","format":"standard","meta":[],"categories":[3,18],"tags":[65,372,403],"_links":{"self":[{"href":"https:\/\/blogs.diariosur.es\/avuelapluma\/wp-json\/wp\/v2\/posts\/1729"}],"collection":[{"href":"https:\/\/blogs.diariosur.es\/avuelapluma\/wp-json\/wp\/v2\/posts"}],"about":[{"href":"https:\/\/blogs.diariosur.es\/avuelapluma\/wp-json\/wp\/v2\/types\/post"}],"author":[{"embeddable":true,"href":"https:\/\/blogs.diariosur.es\/avuelapluma\/wp-json\/wp\/v2\/users\/27495"}],"replies":[{"embeddable":true,"href":"https:\/\/blogs.diariosur.es\/avuelapluma\/wp-json\/wp\/v2\/comments?post=1729"}],"version-history":[{"count":0,"href":"https:\/\/blogs.diariosur.es\/avuelapluma\/wp-json\/wp\/v2\/posts\/1729\/revisions"}],"wp:attachment":[{"href":"https:\/\/blogs.diariosur.es\/avuelapluma\/wp-json\/wp\/v2\/media?parent=1729"}],"wp:term":[{"taxonomy":"category","embeddable":true,"href":"https:\/\/blogs.diariosur.es\/avuelapluma\/wp-json\/wp\/v2\/categories?post=1729"},{"taxonomy":"post_tag","embeddable":true,"href":"https:\/\/blogs.diariosur.es\/avuelapluma\/wp-json\/wp\/v2\/tags?post=1729"}],"curies":[{"name":"wp","href":"https:\/\/api.w.org\/{rel}","templated":true}]}}