{"id":1732,"date":"2014-07-09T12:44:05","date_gmt":"2014-07-09T10:44:05","guid":{"rendered":"http:\/\/blogs.diariosur.es\/avuelapluma\/?p=1732"},"modified":"2014-07-09T12:44:05","modified_gmt":"2014-07-09T10:44:05","slug":"vacunas-prevenar-y-rotateq-y-padres-extorsionados","status":"publish","type":"post","link":"https:\/\/blogs.diariosur.es\/avuelapluma\/2014\/07\/09\/vacunas-prevenar-y-rotateq-y-padres-extorsionados\/","title":{"rendered":"Vacunas ( Prevenar y Rotateq ) y padres apesadumbrados"},"content":{"rendered":"<p>&nbsp;<\/p>\n<p>Vacunas y padres apesadumbrados<\/p>\n<p>Los recortes en el Sistema Nacional \u00a0de Salud que nos hemos dado est\u00e1n\u00a0 provocando serios quebrantos en las familias, sobre todas en las que de\u00a0 menos\u00a0 medios econ\u00f3micos\u00a0 disponen\u00a0 a remolque de una calamitosa situaci\u00f3n provocada por lo precario\u00a0 del empleo cuando no a causa del paro m\u00e1s desaforado que acusan\u00a0 millones de ellas, entre las cuales las de Andaluc\u00eda y, por supuesto, las de la provincia de M\u00e1laga, y en ellas las de Ronda, que son las que m\u00e1s cerca me cogen.<\/p>\n<p>Alardean algunos dirigentes pol\u00edticos de las excelencias de nuestra Sanidad comparadas con algunas de las del\u00a0 entorno geogr\u00e1fico de nuestra Pen\u00ednsula. Pero no es oro todo lo que reluce. Nuestros hospitales presentan deficiencias tanto por la escasez de personal asistencial como por los recursos destinados a solventar nuestras dolencias, algo que es de domino p\u00fablico. Como muestra un bot\u00f3n: el Nuevo Hospital de la ciudad del Tajo, cuya apertura se retarda sine die y obliga a acudir al\u00a0 antiguo dispensario cuyas instalaciones son a ojos vistas manifiestamente mejorables, la asepsia de las instalaciones incluidas.<\/p>\n<p>Y luego est\u00e1 el copago sanitario \u2013 el presidente Rajoy se obstina obcecadamente en afirmar que no existe; \u00bfpero en qu\u00e9 pa\u00eds vive este buen hombre?=- , el cual a muchos de los de m\u00e1s edad (entre los que me cuento),\u00a0 que necesitan medicamentos hasta el final de sus d\u00edas ha llevado a prescindir de algunos de ellos con el consiguiente quebranto de la salud.<\/p>\n<p>No van bien las cosas en nuestra Sanidad P\u00fablica, pese a que se tenga una\u00a0 buena opini\u00f3n de la atenci\u00f3n recibida por m\u00e9dicos y asistentes, los cuales ante la falta de personal se las ven y desean para cumplir fielmente con sus funciones. Como viene ocurriendo en esta Espa\u00f1a de nuestras entretelas la cuerda contin\u00faa rompi\u00e9ndose por la parte m\u00e1s d\u00e9bil.<\/p>\n<p>Hay un problema a\u00f1adido que tienen los padres en situaci\u00f3n de procrear: es el de las vacunas de los neonatos. Cierto, la mayor\u00eda de ellas son tan obligatorias como gratuitas. Hay, sin embargo, algunas que escapan a esta normativa para desconsuelo de los padres, acrecentado por las carencias pecuniarias. Lo recalcan los pediatras, lo s\u00e9 de buena tinta, que hay un par de ellas que pueden incidir en la vida del beb\u00e9, pero que en absoluto se sufragan por la Sanidad P\u00fablica, pese a que pueden ocasionar a \u00e9ste graves afecciones si no se administran a tiempo. Me refiero al Prevenar y Rotateq, una para eludir enfermedades como la meningitis o \u00a0\u00a0\u00a0\u00a0\u00a0\u00a0\u00a0y la otra para prevenir diarreas que hasta, por deshidrataci\u00f3n, les podr\u00eda ocasionar la muerte.<\/p>\n<p>La cuesti\u00f3n es que ambas para familias poco pudientes pueden hacer temblar el bolsillo de los progenitores, los cuales, la mayor\u00eda, ante este dilema naufragan en un mar de conjeturas y temores: una y otra les supondr\u00eda un gasto cercano a los 600 euros. Un desembolso, en los tiempos que corren, que no ser\u00e1n pocas las familias del que tendr\u00e1n que desistir mal que les pese cuando se impone la necesidad de comer cada d\u00eda con frecuencia acudiendo a los auxilios sociales.<\/p>\n<p>Sin embargo, y esto lo que desazona a los padres compungidos, es que existen comunidades aut\u00f3nomas (la catalana, por ejemplo) en que se administran gratuitamente, pero no as\u00ed en la andaluza, que por mucho que eleve la voz Susana D\u00edaz alabando las excelencias de la Administraci\u00f3n que comanda, hay recortes que claman al cielo, cuando todos sabemos los dispendios y mamandurrias que existieron y sigue existiendo en la regi\u00f3n.<\/p>\n<p>Una soluci\u00f3n para los padres atribulados: podr\u00e1n conseguir estas vacunas en Andorra, v\u00eda Internet, por un precio mucho m\u00e1s asequible para los bolsillos depauperados.<\/p>\n<p>&nbsp;<\/p>\n<p>&nbsp;<\/p>\n","protected":false},"excerpt":{"rendered":"<p>&nbsp; Vacunas y padres apesadumbrados Los recortes en el Sistema Nacional \u00a0de Salud que nos hemos dado est\u00e1n\u00a0 provocando serios quebrantos en las familias, sobre todas en las que de\u00a0 menos\u00a0 medios econ\u00f3micos\u00a0 disponen\u00a0 a remolque de una calamitosa situaci\u00f3n provocada por lo precario\u00a0 del empleo cuando no a causa del paro m\u00e1s desaforado que [&hellip;]<\/p>\n","protected":false},"author":27495,"featured_media":0,"comment_status":"open","ping_status":"open","sticky":false,"template":"","format":"standard","meta":[],"categories":[18],"tags":[219,849,927,975,1044],"_links":{"self":[{"href":"https:\/\/blogs.diariosur.es\/avuelapluma\/wp-json\/wp\/v2\/posts\/1732"}],"collection":[{"href":"https:\/\/blogs.diariosur.es\/avuelapluma\/wp-json\/wp\/v2\/posts"}],"about":[{"href":"https:\/\/blogs.diariosur.es\/avuelapluma\/wp-json\/wp\/v2\/types\/post"}],"author":[{"embeddable":true,"href":"https:\/\/blogs.diariosur.es\/avuelapluma\/wp-json\/wp\/v2\/users\/27495"}],"replies":[{"embeddable":true,"href":"https:\/\/blogs.diariosur.es\/avuelapluma\/wp-json\/wp\/v2\/comments?post=1732"}],"version-history":[{"count":0,"href":"https:\/\/blogs.diariosur.es\/avuelapluma\/wp-json\/wp\/v2\/posts\/1732\/revisions"}],"wp:attachment":[{"href":"https:\/\/blogs.diariosur.es\/avuelapluma\/wp-json\/wp\/v2\/media?parent=1732"}],"wp:term":[{"taxonomy":"category","embeddable":true,"href":"https:\/\/blogs.diariosur.es\/avuelapluma\/wp-json\/wp\/v2\/categories?post=1732"},{"taxonomy":"post_tag","embeddable":true,"href":"https:\/\/blogs.diariosur.es\/avuelapluma\/wp-json\/wp\/v2\/tags?post=1732"}],"curies":[{"name":"wp","href":"https:\/\/api.w.org\/{rel}","templated":true}]}}