{"id":1735,"date":"2014-07-13T14:29:52","date_gmt":"2014-07-13T12:29:52","guid":{"rendered":"http:\/\/blogs.diariosur.es\/avuelapluma\/?p=1735"},"modified":"2014-07-13T14:29:52","modified_gmt":"2014-07-13T12:29:52","slug":"la-calle-de-la-bola-de-ronda-siempre-en-el-candelero","status":"publish","type":"post","link":"https:\/\/blogs.diariosur.es\/avuelapluma\/2014\/07\/13\/la-calle-de-la-bola-de-ronda-siempre-en-el-candelero\/","title":{"rendered":"La   calle de la Bola de Ronda  siempre en el candelero"},"content":{"rendered":"<p>&nbsp;<\/p>\n<p><img loading=\"lazy\" id=\"irc_mi\" src=\"\/\/www.josemariatornay.com\/mirondasentimental\/archivosmrs\/se%20olvido\/I\/tiendas.jpg\" alt=\"\" width=\"324\" height=\"243\" \/><\/p>\n<p>&nbsp;<\/p>\n<p>La\u00a0\u00a0 calle de la Bola de Ronda \u00a0siempre en el candelero<\/p>\n<p><strong>JOS\u00c9 BECERRA <\/strong><\/p>\n<p><strong>Lo mismo que, como sabemos, una golondrina no hace la primavera, tampoco cabe afirmar que la apertura de un\u00a0 nuevo\u00a0 comercio, responda o no al ep\u00edteto de franquicia con el que\u00a0 hoy se bautiza a los nov\u00edsimos negocios que han irrumpido como lo hacen las margaritas en mayo en buena parte de las ciudades espa\u00f1olas venga a revalidar un pasado comercial floreciente. <\/strong><\/p>\n<p><strong>\u00a0\u00a0 Es lo que ocurre a lo largo de la calle comercial por excelencia,\u00a0 que es la que vulgarmente se conoce como la Bola, y ello no quiere decir que se vislumbre una vuelta a la espl\u00e9ndida imagen que \u00e9sta ofrec\u00eda tiempos atr\u00e1s y que reflejaba como pocas las tradiciones econ\u00f3micas, hist\u00f3ricas y sociales de la ciudad de Ronda. <\/strong><\/p>\n<p><strong>\u00a0\u00a0 Pero \u201cquien tuvo, retuvo\u201d, que decimos echando mano al acervo de dichos sesudos que alimentan el diccionario del saber popular serrano. Porque lo cierto es que, a falta de tiendas de origen familiar, que paulatinamente fueron cerrando sus puertas, la siempre populosa v\u00eda ronde\u00f1a ha venido languideciendo en los \u00faltimos tiempos en lo que toca a su regeneraci\u00f3n comercial, lo que no quita que los antiguos comercios y bazares \u2013 unos pocos resisten contra viento y marea \u2013 siguen concedi\u00e9ndole el lustre y el sabor de lo a\u00f1oso guardando las esencias primitivas.<\/strong><\/p>\n<p><strong>\u00a0\u00a0 \u00bfSe podr\u00eda visitar Madrid sin darse un garbeo por la Gran V\u00eda o por la calle de Alcal\u00e1, plaza de Cibeles incluida, las principales arterias de la capital espa\u00f1ola? O, qued\u00e1ndonos m\u00e1s cerca, \u00bfse podr\u00eda ir a M\u00e1laga sin transitar sin agobios y sin prisas por calle del Marqu\u00e9s de Larios, la m\u00e1s emblem\u00e1tica de la ciudad?\u00a0\u00a0 Se trata de v\u00edas urbanas de reconocido\u00a0 prestigio por citar algunos ejemplos en el variopinto mapa del desarrollo urbano\u00a0 espa\u00f1ol, que quieras que no reflejan el alma y el sentir de los\u00a0 habitantes de cada lugar y que las administraciones p\u00fablicas no dudan en potenciar realzando sus atractivos como espejo en el que se miran propios y extra\u00f1os, al margen de sus cambios estructurales.<\/strong><\/p>\n<p><strong>\u00a0\u00a0 De todas formas no se puede afirmar que esta emblem\u00e1tica calle ronde\u00f1a, cuyo nombre primigenio de Vicente Espinel en honor del poeta, escritor y m\u00fasico a caballo entre los siglos XVI y XVII que aqu\u00ed vio sus `primeras luces,\u00a0 se haya desmantelado del todo a tenor de que se verific\u00f3 en ella el cierre definitivo de algunos comercios de prestigio. Los que vivimos en pueblos pr\u00f3ximos a Ronda y los mismos habitantes de la ciudad los echamos en falta. <\/strong><\/p>\n<p><strong>\u00a0\u00a0 Desaparecieron, entre otros establecimientos, la confiter\u00eda Harillo, emporio del buen hacer dulcero (\u00a1aquellos bollos de leche que me cautivaron en mi edad temprana envueltos en papel amarillo satinado!); la tienda pomposamente bautizada como \u201cultramarinos\u201d de los hermanos M\u00e1rquez, en donde los pueblerinos hac\u00edamos acopio del chorizo o el queso ronde\u00f1o de renombre;\u00a0 y est\u00e1 a punto hacerlo, si no lo ha hecho ya cuando el lector se tope con estas torpes l\u00edneas, la droguer\u00eda Campos, donde los del lugar buscaban los \u201cav\u00edos\u201d para el \u201cencalijo\u201d y remozamiento\u00a0 de las casas cuando las fiestas patronales se avecinaban.<\/strong><\/p>\n<p><strong>\u00a0\u00a0 Tambi\u00e9n dej\u00f3 de existir la sastrer\u00eda Medina, donde mis padres me compraron el primer pantal\u00f3n largo que luc\u00ed con orgullosa ostentaci\u00f3n, o la cafeter\u00eda &#8211;\u00a0 churrer\u00eda Aranda que impregnaba el aire con el olorcillo de la masa frita y alegraba las pituitarias con este halago ma\u00f1anero, antesala de la degustaci\u00f3n a \u201c<em>pleine air<\/em>\u201d como dicen los franceses,\u00a0 de un desayuno tan tradicionalmente espa\u00f1ol.<\/strong><\/p>\n<p><strong>\u00a0\u00a0 Pero no toda ha sido cierre y desmantelamiento comercial: All\u00ed siguen contra viento y marea el estanco de Marcos Morilla, con su barah\u00fanda de art\u00edculos de todo tipo, incluidos los de jugueter\u00eda antigua y moderna; la farmacia Coca, la zapater\u00eda \u201cLa Bomba\u201d, de donde vinieron\u00a0 mis primeros zapatos \u201cgorila\u201d&#8230; Entre nov\u00edsimos establecimientos de factura moderna y rutilante se afierran para no desaparecer los que siempre dieron lustre a la calle.<\/strong><\/p>\n<p><strong>\u00a0\u00a0 Pero la Bola no es solo la expresi\u00f3n de un \u00b4<em>trading centre`(<\/em>a la usanza anglosajona),\u00a0 o calle comercial a nuestro decir cotidiano; lo\u00a0 ha sido siemprey contin\u00faa si\u00e9ndolo, pero es algo m\u00e1s: es un lugar de encuentro a la sombra de casas con escudos se\u00f1oriales y balconadas de forja, de paseos distendidos, de ch\u00e1chara inconsecuente, de cr\u00edtica acerba o complaciente de todo lo que de pol\u00edtica se cuece; de dimes y diretes,\u00a0 de comentarios y verdades a medias ( \u00bfno es \u201cbola\u201d en el argot andaluz sin\u00f3nimo de mentira?). Pero m\u00e1s que nada es lugar para el paseo tranquilo y la conversaci\u00f3n desahogada, como digo, haciendo parada o participando en los corrillos formados en cada esquina&#8230;<\/strong><\/p>\n<p><strong>\u00a0\u00a0 Puede que haya perdido antiguas tiendas y que hayan aparecido otras de fachadas rutilantes. Pero no se puede hablar de nuevas perspectivas: la Bola sigue intacta\u00a0 en cuanto\u00a0 guarda\u00a0 todo lo que de anta\u00f1o la hizo singularmente atractiva para mun\u00edcipes y visitantes ocasionales. Como siempre, se verifiquen o no mutaciones en su aspecto, por su popularidad siempre figura en el candelero de todo lo que cabe destacar de Ronda.<\/strong><\/p>\n<p>&nbsp;<\/p>\n","protected":false},"excerpt":{"rendered":"<p>&nbsp; &nbsp; La\u00a0\u00a0 calle de la Bola de Ronda \u00a0siempre en el candelero JOS\u00c9 BECERRA Lo mismo que, como sabemos, una golondrina no hace la primavera, tampoco cabe afirmar que la apertura de un\u00a0 nuevo\u00a0 comercio, responda o no al ep\u00edteto de franquicia con el que\u00a0 hoy se bautiza a los nov\u00edsimos negocios que han [&hellip;]<\/p>\n","protected":false},"author":27495,"featured_media":0,"comment_status":"open","ping_status":"open","sticky":false,"template":"","format":"standard","meta":[],"categories":[19],"tags":[171,615,922],"_links":{"self":[{"href":"https:\/\/blogs.diariosur.es\/avuelapluma\/wp-json\/wp\/v2\/posts\/1735"}],"collection":[{"href":"https:\/\/blogs.diariosur.es\/avuelapluma\/wp-json\/wp\/v2\/posts"}],"about":[{"href":"https:\/\/blogs.diariosur.es\/avuelapluma\/wp-json\/wp\/v2\/types\/post"}],"author":[{"embeddable":true,"href":"https:\/\/blogs.diariosur.es\/avuelapluma\/wp-json\/wp\/v2\/users\/27495"}],"replies":[{"embeddable":true,"href":"https:\/\/blogs.diariosur.es\/avuelapluma\/wp-json\/wp\/v2\/comments?post=1735"}],"version-history":[{"count":0,"href":"https:\/\/blogs.diariosur.es\/avuelapluma\/wp-json\/wp\/v2\/posts\/1735\/revisions"}],"wp:attachment":[{"href":"https:\/\/blogs.diariosur.es\/avuelapluma\/wp-json\/wp\/v2\/media?parent=1735"}],"wp:term":[{"taxonomy":"category","embeddable":true,"href":"https:\/\/blogs.diariosur.es\/avuelapluma\/wp-json\/wp\/v2\/categories?post=1735"},{"taxonomy":"post_tag","embeddable":true,"href":"https:\/\/blogs.diariosur.es\/avuelapluma\/wp-json\/wp\/v2\/tags?post=1735"}],"curies":[{"name":"wp","href":"https:\/\/api.w.org\/{rel}","templated":true}]}}