{"id":1737,"date":"2014-07-15T19:06:04","date_gmt":"2014-07-15T17:06:04","guid":{"rendered":"http:\/\/blogs.diariosur.es\/avuelapluma\/?p=1737"},"modified":"2014-07-15T19:06:04","modified_gmt":"2014-07-15T17:06:04","slug":"iu-se-pronuncia-sobre-el-nuevo-hospital-de-ronda","status":"publish","type":"post","link":"https:\/\/blogs.diariosur.es\/avuelapluma\/2014\/07\/15\/iu-se-pronuncia-sobre-el-nuevo-hospital-de-ronda\/","title":{"rendered":"IU se pronuncia sobre el nuevo hospital de Ronda"},"content":{"rendered":"<p>&nbsp;<\/p>\n<p><img loading=\"lazy\" id=\"irc_mi\" src=\"\/\/www.charrytv.com\/media\/noticias\/noticias_476_1c_charrytv.jpg\" alt=\"\" width=\"495\" height=\"371\" \/><\/p>\n<p>&nbsp;<\/p>\n<p>Gobiernan en un \u00a0ten con ten con los socialistas en la Junta de Andaluc\u00eda bajo la batuta de Susana D\u00edaz. Se pusieron a partir un pi\u00f1\u00f3n, como solemos decir los ronde\u00f1os de algunos que si otras veces mantuvieron enemistades ac\u00e9rrimas luego sellaron un entendimiento indisoluble. Se auparon unos a otros para que la izquierda siguiera tendiendo sus tent\u00e1culos en el feudo de la tierra de Mar\u00eda Sant\u00edsima, algo que viene ocurriendo despu\u00e9s de casi 40 a\u00f1os de \u00e9gida socialista del PSOE. Izquierda Unida arrim\u00f3 el hombro para que en los \u00faltimos tiempos en la sede del Parlamento de la Comunidad Aut\u00f3noma continuasen ejerciendo su hegemon\u00eda los del pu\u00f1o y la rosa. Ni los escandalosos episodios de los Ere fraudulentos y los cursos de formaci\u00f3n inexistentes lograron romper la f\u00e9rrea alianza.<\/p>\n<p>Pero ahora, pese a que el batacazo de los socialistas en los pasados comicios europeos se atemper\u00f3 en Andaluc\u00eda, se han empezado a escuchar voces discordantes y no s\u00f3lo por su postura de negaci\u00f3n al\u00a0 bipartidismo existente en nuestro pa\u00eds. Sin ir m\u00e1s lejos se alzaron las del portavoz de IU, Jos\u00e9 Antonio Castro, d\u00edas atr\u00e1s, quien\u00a0 no parece estar de acuerdo con la empecinada actitud de sus socios en el gobierno que dieron las espaldas a la finalizaci\u00f3n de las obras del nuevo hospital\u00a0 comarcal de Ronda.\u00a0 Los t\u00e9rminos empleados por el portavoz no han podido ser m\u00e1s\u00a0 claros y contundentes: ha hablado de \u201cmofa\u201d a la ciudadan\u00eda ronde\u00f1a que la construcci\u00f3n del\u00a0 centro hospitalario de la ciudad se posponga y la finalizaci\u00f3n no se contemple en las fechas que una y otra vez se han ido estableciendo y sucesivamente incumpli\u00e9ndose.<\/p>\n<p>El dedo acusador se ha alzado en concreto contra la Consejer\u00eda de Igualdad, Salud y Pol\u00edticas Sociales, la cual\u00a0 es la que viene dando de\u00a0 lado\u00a0 al cumplimento del compromiso formulado a\u00f1os ha. Castro, que se ha reunido en la ciudad del Tajo con responsables sindicalistas de sanidad,\u00a0 no ha tenido empacho en afirmar la \u201c sospecha\u201d de que la promesa no llegue a buen puerto.<\/p>\n<p>Su afirmaci\u00f3n de que el proyecto \u201cest\u00e9 en al aire\u201d no ha podido por menos de alarmar a la vecindad de la comarca que ya ven\u00eda haci\u00e9ndose ilusiones sobre la puesta en marcha del dispensario, aunque siempre con la mosca tras la oreja. La afirmaci\u00f3n del portavoz sobre que\u00a0 su formaci\u00f3n pol\u00edtica tambi\u00e9n ha sufrido la deslealtad de sus socios de gobierno en lo que respecta al hospital de Ronda no ha podido por menos de aumentar la desaz\u00f3n de los ronde\u00f1os ante el impasse vergonzoso\u00a0 al que se viene sometiendo el proyecto.<\/p>\n<p>La prueba contundente de que\u00a0 Castro est\u00e1 de parte de la terminaci\u00f3n del hospital de Ronda reside en que anima a la poblaci\u00f3n a que \u00a0se muestre firme en la reivindicaci\u00f3n y no cesen las protestas y movilizaciones. Eso dice mucho en su favor. Aunque haya recibido acerbas cr\u00edticas de populares y andalucistas: el portavoz no les parece consecuente en lo que dice y hace y exigen que IU rompa amarras con el PSOE para que sus\u00a0 censuras sean cre\u00eddas..<\/p>\n<p>Lo que parece importar a la ciudadan\u00eda es que todos los partidos pol\u00edticos se pongan de acuerdo para hace frente com\u00fan contra los designios de la Junta a este respecto y que dejen de tirarse los trastos a la cabeza, como muy atinadamente ha se\u00f1alado la concejala de turismo Isabel Barriga.<\/p>\n<p>Foto harryTV<\/p>\n","protected":false},"excerpt":{"rendered":"<p>&nbsp; &nbsp; Gobiernan en un \u00a0ten con ten con los socialistas en la Junta de Andaluc\u00eda bajo la batuta de Susana D\u00edaz. Se pusieron a partir un pi\u00f1\u00f3n, como solemos decir los ronde\u00f1os de algunos que si otras veces mantuvieron enemistades ac\u00e9rrimas luego sellaron un entendimiento indisoluble. Se auparon unos a otros para que la [&hellip;]<\/p>\n","protected":false},"author":27495,"featured_media":0,"comment_status":"open","ping_status":"open","sticky":false,"template":"","format":"standard","meta":[],"categories":[19],"tags":[535,735,742,922,951],"_links":{"self":[{"href":"https:\/\/blogs.diariosur.es\/avuelapluma\/wp-json\/wp\/v2\/posts\/1737"}],"collection":[{"href":"https:\/\/blogs.diariosur.es\/avuelapluma\/wp-json\/wp\/v2\/posts"}],"about":[{"href":"https:\/\/blogs.diariosur.es\/avuelapluma\/wp-json\/wp\/v2\/types\/post"}],"author":[{"embeddable":true,"href":"https:\/\/blogs.diariosur.es\/avuelapluma\/wp-json\/wp\/v2\/users\/27495"}],"replies":[{"embeddable":true,"href":"https:\/\/blogs.diariosur.es\/avuelapluma\/wp-json\/wp\/v2\/comments?post=1737"}],"version-history":[{"count":0,"href":"https:\/\/blogs.diariosur.es\/avuelapluma\/wp-json\/wp\/v2\/posts\/1737\/revisions"}],"wp:attachment":[{"href":"https:\/\/blogs.diariosur.es\/avuelapluma\/wp-json\/wp\/v2\/media?parent=1737"}],"wp:term":[{"taxonomy":"category","embeddable":true,"href":"https:\/\/blogs.diariosur.es\/avuelapluma\/wp-json\/wp\/v2\/categories?post=1737"},{"taxonomy":"post_tag","embeddable":true,"href":"https:\/\/blogs.diariosur.es\/avuelapluma\/wp-json\/wp\/v2\/tags?post=1737"}],"curies":[{"name":"wp","href":"https:\/\/api.w.org\/{rel}","templated":true}]}}