{"id":1741,"date":"2014-07-19T18:07:05","date_gmt":"2014-07-19T16:07:05","guid":{"rendered":"http:\/\/blogs.diariosur.es\/avuelapluma\/?p=1741"},"modified":"2014-07-19T18:07:05","modified_gmt":"2014-07-19T16:07:05","slug":"el-sonsonete-de-podemos","status":"publish","type":"post","link":"https:\/\/blogs.diariosur.es\/avuelapluma\/2014\/07\/19\/el-sonsonete-de-podemos\/","title":{"rendered":"El sonsonete de Podemos"},"content":{"rendered":"<p><img loading=\"lazy\" id=\"irc_mi\" src=\"\/\/podemos.info\/wordpress\/wp-content\/uploads\/2014\/05\/fbtw.jpg\" alt=\"\" width=\"393\" height=\"394\" \/><\/p>\n<p>&nbsp;<\/p>\n<p>Suena bien y resulta atrayente para los millones de desempleados que sufren en sus carnes la desventura de un futuro tan incierto como cruel. La formaci\u00f3n pol\u00edtica que lidera Pablo Iglesias ha sabido entonar una canci\u00f3n que acaricia los o\u00eddos de quienes todo lo perdieron y se debaten en un mar de quebrantos y desgracias en las que tambi\u00e9n sucumben sus familias. Un soniquete para cuya propalaci\u00f3n se han encargado los medios de comunicaci\u00f3n rendidos ante la fuerza de atracci\u00f3n que ejerce sobre las masas el personaje en cuesti\u00f3n.<\/p>\n<p>Sabe c\u00f3mo llegar al sentimiento y encono de quienes padecen con mayor virulencia los efectos de la crisis (ahora se aventura no se sabe bien basado en qu\u00e9 se\u00f1ales que empieza a declinar), que para muchos tuvo su causa en el desacierto de los pol\u00edticos (la \u201ccasta\u201d, seg\u00fan la denominaci\u00f3n que les endilga Iglesias, olvid\u00e1ndose que \u00e9l, como pretend\u00eda, acaba de sumarse a ella, ocupando lugar en la bancada del Parlamento europeo), a los que poco menos\u00a0 se le declar\u00f3, como Atila a los romanos,\u00a0 \u201cguerra eterna\u201d.<\/p>\n<p>El flamante partido, inflamado de diatribas,\u00a0 ha sabido conjugar con acierto el malestar generalizado con el desafecto un\u00e1nime que se profesa a los pol\u00edticos. El resultado se constat\u00f3 en el logro de m\u00e1s un mill\u00f3n de votos en los comicios europeos que ya son historia. Se preguntan los polit\u00f3logos si este \u00e9xito cosechado no deber\u00e1 m\u00e1s al desafecto que aludo que a las simpat\u00edas que pudo obtener el se\u00f1or de las coletas en la confrontaci\u00f3n electoral. Porque bien miradas las proposiciones que se esgrimieron se nos antoja que est\u00e1n bastante alejadas de la realidad.<\/p>\n<p>\u00bfC\u00f3mo no nos va interesar que nos jubilemos a los 60 a\u00f1os, o que restrinja el apoyo desaforado \u00a0a los bancos desatendi\u00e9ndose\u00a0 de empresas y emprendedores creadores de puestos de trabajo,\u00a0 o que renueve la legislaci\u00f3n laboral poni\u00e9ndose fin a la cr\u00edtica situaci\u00f3n por la que atraviesan los trabajadores, o que se ponga coto a los desahucios, o se ponga en planta un nuevo proceso constituyente? Bienvenidos sean estos prop\u00f3sitos y otros de la misma \u00edndole que levantan como bandera desplegada al viento. \u00bfPero son posibles? \u00bfPueden plasmarse en la realidad aqu\u00ed y ahora? Mucho nos tememos que no. Como no lo es\u00a0 borrar de un tajo la deuda p\u00fablica neg\u00e1ndola y haciendo o\u00eddos sordos a sus exigencias. El pa\u00eds zozobrar\u00eda sin remisi\u00f3n, como ni dudan en afirmar sesudos analistas econ\u00f3micos.<\/p>\n<p>La formaci\u00f3n Podemos, sin embargo, viene calando en buena parte de los pueblos de Andaluc\u00eda, tanto en los de elevada densidad demogr\u00e1fica como en los que la poblaci\u00f3n es m\u00ednima, precisamente en aquellos en los que\u00a0 el paro extiende sus tent\u00e1culos. Ocurri\u00f3 en Ronda, donde ya hay quienes representan a esta formaci\u00f3n y no cejan en el empe\u00f1o de que alcance cotas de aceptaci\u00f3n entre la vecindad.<\/p>\n<p>Sin embargo, sin que se tenga que hacer o\u00eddos sordos a esta cantinela cautivadora parece procedente que las propuestas se consideren en sus justos t\u00e9rminos, ponder\u00e1ndolas y separ\u00e1ndolas de lo que podr\u00edan ser cantos de sirenas despegados de la realidad.<\/p>\n","protected":false},"excerpt":{"rendered":"<p>&nbsp; Suena bien y resulta atrayente para los millones de desempleados que sufren en sus carnes la desventura de un futuro tan incierto como cruel. La formaci\u00f3n pol\u00edtica que lidera Pablo Iglesias ha sabido entonar una canci\u00f3n que acaricia los o\u00eddos de quienes todo lo perdieron y se debaten en un mar de quebrantos y [&hellip;]<\/p>\n","protected":false},"author":27495,"featured_media":0,"comment_status":"open","ping_status":"open","sticky":false,"template":"","format":"standard","meta":[],"categories":[18],"tags":[829],"_links":{"self":[{"href":"https:\/\/blogs.diariosur.es\/avuelapluma\/wp-json\/wp\/v2\/posts\/1741"}],"collection":[{"href":"https:\/\/blogs.diariosur.es\/avuelapluma\/wp-json\/wp\/v2\/posts"}],"about":[{"href":"https:\/\/blogs.diariosur.es\/avuelapluma\/wp-json\/wp\/v2\/types\/post"}],"author":[{"embeddable":true,"href":"https:\/\/blogs.diariosur.es\/avuelapluma\/wp-json\/wp\/v2\/users\/27495"}],"replies":[{"embeddable":true,"href":"https:\/\/blogs.diariosur.es\/avuelapluma\/wp-json\/wp\/v2\/comments?post=1741"}],"version-history":[{"count":0,"href":"https:\/\/blogs.diariosur.es\/avuelapluma\/wp-json\/wp\/v2\/posts\/1741\/revisions"}],"wp:attachment":[{"href":"https:\/\/blogs.diariosur.es\/avuelapluma\/wp-json\/wp\/v2\/media?parent=1741"}],"wp:term":[{"taxonomy":"category","embeddable":true,"href":"https:\/\/blogs.diariosur.es\/avuelapluma\/wp-json\/wp\/v2\/categories?post=1741"},{"taxonomy":"post_tag","embeddable":true,"href":"https:\/\/blogs.diariosur.es\/avuelapluma\/wp-json\/wp\/v2\/tags?post=1741"}],"curies":[{"name":"wp","href":"https:\/\/api.w.org\/{rel}","templated":true}]}}