{"id":1743,"date":"2014-07-22T11:59:13","date_gmt":"2014-07-22T09:59:13","guid":{"rendered":"http:\/\/blogs.diariosur.es\/avuelapluma\/?p=1743"},"modified":"2014-07-22T11:59:13","modified_gmt":"2014-07-22T09:59:13","slug":"una-buena-nueva-para-la-senectud-de-ronda","status":"publish","type":"post","link":"https:\/\/blogs.diariosur.es\/avuelapluma\/2014\/07\/22\/una-buena-nueva-para-la-senectud-de-ronda\/","title":{"rendered":"Una buena nueva para la senectud de Ronda"},"content":{"rendered":"<p><strong><img loading=\"lazy\" id=\"irc_mi\" src=\"\/\/www.turismoderonda.es\/naturaleza\/imagenes\/sierranieves1.jpg\" alt=\"\" width=\"444\" height=\"333\" \/><\/strong><\/p>\n<p><strong>Se encuentra en v\u00edas de tramitaci\u00f3n en el Ayuntamiento de Ronda el proyecto de construcci\u00f3n de un geri\u00e1trico que abrir\u00e1 sus puertas presumiblemente en 2016, o sea, que est\u00e1 al caer.<\/strong><\/p>\n<p><strong>\u00a0 \u00a0Lo de geri\u00e1trico repele as\u00ed a brote pronto, por lo que hay que apresurarse a quitarle hierro a la denominaci\u00f3n: nada que ver con un psiqui\u00e1trico que tiene otras funciones y acoge a personas con afecciones que radican en la mente, aunque bien pensado tambi\u00e9n los ancianos entre los que voy empezando a militar, no pueden presumir de un estado cognitivo perfecto, que los a\u00f1os, que no perdonan, ha ido restando fuerzas a los m\u00fasculos y a la psiquis en un proceso parejo e irreversible. <\/strong><\/p>\n<p><strong>\u00a0\u00a0 El t\u00e9rmino geri\u00e1trico -no digamos el de asilo -posee otras connotaciones mejor sonantes para aquellos que barruntando el ocaso de sus d\u00edas se ven impelidos\u00a0\u00a0 de grado o por fuerza a recluirse en uno de estos establecimientos rese\u00f1ados con la p\u00e1tina de lo social, tales son residencia,\u00a0 hogar, casa de acogida&#8230; Se pretende con las denominaciones \u00faltimas dulcificar, ya digo la tr\u00e1gala de vivir de manera\u00a0 diferente\u00a0 a como se ha venido haciendo en los a\u00f1os del esplendor vital.<\/strong><\/p>\n<p><strong>\u00a0\u00a0 Parece que la construcci\u00f3n del edificio presenta todos los visos de ser una realidad m\u00e1s temprano que tarde ya que la empresa que est\u00e1 detr\u00e1s de ella abon\u00f3 d\u00edas atr\u00e1s una considerable suma \u2013 alrededor de 150.000 euros de vell\u00f3n &#8211; en concepto de licencia de obras. Requerir\u00e1 una inversi\u00f3n de m\u00e1s de 3 millones de euros, que presumiblemente ser\u00e1n los que se necesiten para poner en pie el complejo asistencial de mayores, la cual\u00a0 contar\u00e1 con un centenar de habitaciones entre dobles y sencillas que ser\u00e1 una obligada referencia en la carretera de El Burgo, a dos pasos de la ciudad del Tajo.<\/strong><\/p>\n<p><strong>\u00a0\u00a0\u00a0Sin cortapisas por parte del Ayuntamiento, el cual considera de inter\u00e9s que el proyecte cuaje por lo que puede significar para la vecindad ya sea residente en el municipio o en otros colindantes de la Serran\u00eda de Ronda y que se traducir\u00eda en un servicio social imponderable, am\u00e9n de un bienestar incontestable para nuestros mayores, habr\u00eda que ver, si una vez que la residencia abra sus puertas, las plazas que se oferten est\u00e9n dentro de las posibilidades econ\u00f3micas de los posibles usuarios.<\/strong><\/p>\n<p><strong>\u00a0\u00a0 Porque si los precios resultan prohibitivos, y dado los recortes que el Gobierno central viene imponiendo al sector de mayores dependientes, habr\u00edamos hecho un pan como unas tortas.<\/strong><\/p>\n<p><strong>\u00a0\u00a0\u00a0<\/strong><\/p>\n<p><strong>\u00a0<\/strong><\/p>\n<p>&nbsp;<\/p>\n<p>&nbsp;<\/p>\n<p>&nbsp;<\/p>\n<p>&nbsp;<\/p>\n<p>&nbsp;<\/p>\n<p>&nbsp;<\/p>\n","protected":false},"excerpt":{"rendered":"<p>Se encuentra en v\u00edas de tramitaci\u00f3n en el Ayuntamiento de Ronda el proyecto de construcci\u00f3n de un geri\u00e1trico que abrir\u00e1 sus puertas presumiblemente en 2016, o sea, que est\u00e1 al caer. \u00a0 \u00a0Lo de geri\u00e1trico repele as\u00ed a brote pronto, por lo que hay que apresurarse a quitarle hierro a la denominaci\u00f3n: nada que ver [&hellip;]<\/p>\n","protected":false},"author":27495,"featured_media":0,"comment_status":"open","ping_status":"open","sticky":false,"template":"","format":"standard","meta":[],"categories":[19],"tags":[188,397,398,499,922],"_links":{"self":[{"href":"https:\/\/blogs.diariosur.es\/avuelapluma\/wp-json\/wp\/v2\/posts\/1743"}],"collection":[{"href":"https:\/\/blogs.diariosur.es\/avuelapluma\/wp-json\/wp\/v2\/posts"}],"about":[{"href":"https:\/\/blogs.diariosur.es\/avuelapluma\/wp-json\/wp\/v2\/types\/post"}],"author":[{"embeddable":true,"href":"https:\/\/blogs.diariosur.es\/avuelapluma\/wp-json\/wp\/v2\/users\/27495"}],"replies":[{"embeddable":true,"href":"https:\/\/blogs.diariosur.es\/avuelapluma\/wp-json\/wp\/v2\/comments?post=1743"}],"version-history":[{"count":0,"href":"https:\/\/blogs.diariosur.es\/avuelapluma\/wp-json\/wp\/v2\/posts\/1743\/revisions"}],"wp:attachment":[{"href":"https:\/\/blogs.diariosur.es\/avuelapluma\/wp-json\/wp\/v2\/media?parent=1743"}],"wp:term":[{"taxonomy":"category","embeddable":true,"href":"https:\/\/blogs.diariosur.es\/avuelapluma\/wp-json\/wp\/v2\/categories?post=1743"},{"taxonomy":"post_tag","embeddable":true,"href":"https:\/\/blogs.diariosur.es\/avuelapluma\/wp-json\/wp\/v2\/tags?post=1743"}],"curies":[{"name":"wp","href":"https:\/\/api.w.org\/{rel}","templated":true}]}}