{"id":1754,"date":"2014-07-23T18:56:54","date_gmt":"2014-07-23T16:56:54","guid":{"rendered":"http:\/\/blogs.diariosur.es\/avuelapluma\/?p=1754"},"modified":"2014-07-23T18:56:54","modified_gmt":"2014-07-23T16:56:54","slug":"1754","status":"publish","type":"post","link":"https:\/\/blogs.diariosur.es\/avuelapluma\/2014\/07\/23\/1754\/","title":{"rendered":"Carta abierta a  mi nieto Mario \u00c1ngel"},"content":{"rendered":"<p><strong>Carta abierta a mi nieto Mario \u00c1ngel\u00a0\u00a0\u00a0\u00a0\u00a0\u00a0\u00a0\u00a0\u00a0\u00a0\u00a0\u00a0\u00a0\u00a0\u00a0\u00a0\u00a0\u00a0\u00a0 <\/strong><\/p>\n<p align=\"JUSTIFY\">\u00a0<strong>JOS\u00c9 BECERRA\u00a0 G\u00d3MEZ<\/strong><\/p>\n<p align=\"JUSTIFY\"><img title=\"Descargar IMG_4652.JPG (998,1 kB)\" src=\"https:\/\/dub130.mail.live.com\/att\/GetAttachment.aspx?tnail=2&#038;messageId=da1a012e-129b-11e4-a515-00215ad7b214&#038;Aux=40%7c0%7c8D174BFC723AC50%7c%7c0%7c0%7c0%7c0%7c%7c&#038;cid=ffd30b3f34091190&#038;maxwidth=220&#038;maxheight=160&#038;size=Att&#038;blob=MnxJTUdfNDY1Mi5KUEd8aW1hZ2UvanBlZw_3d_3d\" alt=\"Descargar IMG_4652.JPG (998,1 kB)\" \/><\/p>\n<p align=\"JUSTIFY\"><strong>\u00a0Perm\u00edtanme que despu\u00e9s de muchos a\u00f1os asom\u00e1ndome a la portada de Sur digital y a las p\u00e1ginas de colaboraciones del peri\u00f3dico de papel, en los \u00a0que \u00a0perfil\u00e9 mis trabajos hablando \u00a0largo y tendido sobre los m\u00e1s variados temas y \u00a0tratar de mostrar a los lectores\u00a0 impenitentes y amables mis divagaciones, dispensen, digo,\u00a0 \u00a0el que trate de hablar hoy de m\u00ed mismo. <\/strong><\/p>\n<p align=\"JUSTIFY\">\u00a0 <strong>Bueno, en realidad no pretendo hablar de m\u00ed, Dios me libre, sino de algo que acaba de cambiar mi vida, trastocando los derroteros por los que ahora transitaba. Ocurre que sin pretender hacerlo \u2013 el hablar de m\u00ed, que estoy seguro que a nadie interesa-\u00a0 no s\u00e9 como evitar que mis sentimientos y emociones ante un hecho crucial para mi existencia\u00a0 no se reflejen en estas l\u00edneas.<\/strong><\/p>\n<p align=\"JUSTIFY\">\u00a0\u00a0 <strong>La cuesti\u00f3n es que acabo de ser por primera vez abuelo. Y lo que\u00a0 ans\u00edo es hablar de este nuevo\u00a0 reto\u00f1o en mi tronco cuando ya el \u00e1rbol que sustent\u00f3\u00a0 mi vida acusa los avatares del tiempo y muestra cada vez m\u00e1s mustio,\u00a0 columbrando un\u00a0 no muy lejano final de su permanencia entre los vivos.<\/strong><\/p>\n<p align=\"JUSTIFY\">\u00a0\u00a0 <strong>No obstante,\u00a0 el nacimiento de mi nieto Mario \u00c1ngel acaba de insuflar nuevos \u00e1nimos y renovada\u00a0 savia a mi ya mermada\u00a0\u00a0 existencia. Y eso es de agradecer.<\/strong><\/p>\n<p align=\"JUSTIFY\">\u00a0\u00a0 <strong>Lo pusieron en mis brazos cuando a\u00fan no contaba sino escasos minutos\u00a0 de su vida y lo consider\u00e9 como el mejor regalo que podr\u00eda concederme\u00a0 el Cielo: su primer llanto me son\u00f3 a m\u00fasica celestial, tengo que confesarlo en honor a la verdad. <\/strong><\/p>\n<p align=\"JUSTIFY\">\u00a0\u00a0 <strong>Sopesaba su fr\u00e1gil cuerpecillo y no cab\u00eda en s\u00ed de puro gozo. Y sus ojitos, negros, vivos y profundos, su sonrosado y fr\u00e1gil cuerpecillo que a\u00fan conservaba\u00a0 la tibieza\u00a0 de su madre de cuyo vientre acababa de salir \u00a1 y una cabellera ins\u00f3litamente tan negra como el azabache!:\u00a0 detalles de su fisonom\u00eda de beb\u00e9\u00a0 lo suficientemente impactantes como para dejarme mudo\u00a0 por la emoci\u00f3n\u00a0 y lloriqueante. \u00a1Qu\u00e9 le vamos a hacer si estas vivencias son muy contadas a lo largo de la vida de cualquiera! Y presumo que quedar\u00e1n indeleblemente arraigadas en mi alma.<\/strong><\/p>\n<p align=\"JUSTIFY\">\u00a0\u00a0 <strong>Querido nieto:\u00a0 Acabas de arribar a un mundo revuelto. Con el tiempo sabr\u00e1s que llegaste cuando a nuestro pa\u00eds lo sacud\u00eda un paro desenfrenado y una desconfianza pertinaz del pueblo hacia la clase pol\u00edtica; el cambio clim\u00e1tico era una amenaza constante y el hambre\u00a0 en otras latitudes asentada hac\u00eda mella en la poblaci\u00f3n infantil en Espa\u00f1a y en Andaluc\u00eda en concreto. Hab\u00eda algaradas sociales\u00a0 en las calles, lo que no quitaba que la pasi\u00f3n por el f\u00fatbol se manifestara en ellas: unos aclamaban al Real Madrid con su delantero centro\u00a0 Ronaldo y otros al Bar\u00e7a, cuya figura era Messi. Y El M\u00e1laga en trance de la permanencia en la primera divisi\u00f3n. <\/strong><\/p>\n<p align=\"JUSTIFY\">\u00a0\u00a0 <strong>Cuando puedas leer esta carta es m\u00e1s que posible que las condiciones econ\u00f3micas habr\u00e1n cambiado y que el nombre del presidente del Gobierno de ahora ser\u00e1 un dato que te resbalar\u00e1 por el entendimiento, como lo har\u00e1 el de Don Juan Carlos de Borb\u00f3n, que es el Rey, quien \u00a0en estos d\u00edas en los que apenas t\u00fa contabas dos meses de vida, acaba de abdicar del Trono espa\u00f1ol que se conf\u00eda desde ahora a su hijo Felipe VI. <\/strong><\/p>\n<p align=\"JUSTIFY\">\u00a0\u00a0 <strong>Todos estas referencias cuando tengas pleno uso de raz\u00f3n no te dir\u00e1n nada, pero quiero que sepas las circunstancias en las que llegaste para formar parte de la humanidad que te acogi\u00f3 cuando el mi\u00e9rcoles 9 de abril de 2014 nos alegraste a todos con tu primera llantina en la sala 213 del Hospital El \u00c1ngel (tambi\u00e9n es casualidad que llevara tu nombre) a la 1 y 5 minutos de una tarde primaveral espl\u00e9ndida.<\/strong><\/p>\n<p align=\"JUSTIFY\">\u00a0\u00a0 <strong>Quiero recalcar\u00a0 sepas que yo fui el primero que te tuve en brazos. Me lo dejaron cuando tu madre a\u00fan estaba inconsciente despu\u00e9s de darte a luz tras el acontecer del parto, al cual cooper\u00f3 el ginec\u00f3logo Jos\u00e9 F\u00e9lix Garc\u00eda Espa\u00f1a,\u00a0 al que tu deber\u00e1s estar eternamente agradecido porque debido a su buen hacer viste la luz de este mundo del mejor de las maneras posibles.<\/strong><\/p>\n<p align=\"JUSTIFY\">\u00a0\u00a0 <strong>Tampoco olvides que desde los primeros momentos de tu existencia fuiste para nosotros el centro del universo a cuyo alrededor giramos toda la familia para hacerte m\u00e1s grata la existencia desde el primer\u00a0 momento de vida. Tus lloriqueos primeros, la avidez\u00a0 con la que succionabas los pechos de tu madre, los momentos en los que la naturaleza te exig\u00eda expeler los desechos de tu cuerpecito, tus sue\u00f1os tranquilos o agitados se convirtieron en el eje sobre el que\u00a0 giraba nuestras vidas. Tu reposo y tus ojitos brillantes\u00a0 abiertos a cuanto te rodeaban, una dicha inconmensurable; tu desasosiego, una tragedia. Tu primera sonrisa, un acontecimiento sin precedentes, no te digo m\u00e1s<\/strong><\/p>\n<p>\u00a0\u00a0 <strong>El siguiente deseo es verte crecer, corretear por los pasillos y escuchar c\u00f3mo balbuceas tus primeras palabras y emites incipientes\u00a0 risas. Acabas de transformar\u00a0 nuestras vidas para bien y te deseamos lo mejor del mundo para lo venidero. Dios te colme de dicha: ese ser\u00e1 nuestro contento. \u00a1 Bien venido a este mundo, Mario \u00c1ngel!<\/strong><\/p>\n<p>&nbsp;<\/p>\n<p>\u201cToques leves en la puerta,<\/p>\n<p>murmullos en el dintel,<\/p>\n<p>unas voces que preguntan:<\/p>\n<p>\u00bfHabitaci\u00f3n 113? Aqu\u00ed es.<\/p>\n<p>&nbsp;<\/p>\n<p>En mis brazos te dejaron<\/p>\n<p>pocos minutos despu\u00e9s.<\/p>\n<p>Un cuerpecillo tan fr\u00e1gil<\/p>\n<p>que me tem\u00eda romper.<\/p>\n<p>&nbsp;<\/p>\n<p>\u00a1Emoci\u00f3n, l\u00e1grimas, contento!<\/p>\n<p>\u00a1Temblor en todo mi ser!<\/p>\n<p>En mi ya longeva vida,<\/p>\n<p>\u00a1Qu\u00e9\u00a0 feliz acontecer!<\/p>\n<p>&nbsp;<\/p>\n<p>Ahora pido m\u00e1s vida<\/p>\n<p>para as\u00ed\u00a0 verte crecer.<\/p>\n<p>Y para poder ense\u00f1arte<\/p>\n<p>lo poco o mucho que s\u00e9.<\/p>\n<p>&nbsp;<\/p>\n<p>Es lo que anhelo y espero<\/p>\n<p>viendo los a\u00f1os correr,<\/p>\n<p>como se aspira\u00a0\u00a0 en\u00a0 las sombras<\/p>\n<p>la luz de un nuevo\u00a0 amanecer.<\/p>\n<p>&nbsp;<\/p>\n<p>Mario \u00c1ngel, ansiado nieto,<\/p>\n<p>\u00a1Cu\u00e1nto te he de agradecer!<\/p>\n<p>&nbsp;<\/p>\n<p>Hablarte quiero sin prisas<\/p>\n<p>de lo que hay que saber.<\/p>\n<p>De Historia y de regiones,<\/p>\n<p>de\u00a0 lo divino y lo humano,<\/p>\n<p>\u00a1como tiene que ser!<\/p>\n<p>&nbsp;<\/p>\n<p>De la Serran\u00eda y de r\u00edos,<\/p>\n<p>De\u00a0 los montes\u00a0 y el vergel<\/p>\n<p>(En una playa cualquiera<\/p>\n<p>Tu cometa elevar\u00e9).<\/p>\n<p>&nbsp;<\/p>\n<p>Dormido en mis brazos,<\/p>\n<p>\u00bfpodr\u00e9\u00a0 tener m\u00e1s grato bien?<\/p>\n<p>(En el aire todav\u00eda<\/p>\n<p>las nanas que te cant\u00e9)<\/p>\n<p>&nbsp;<\/p>\n<p>&nbsp;<\/p>\n<p>Pasearemos muy\u00a0 juntos,<\/p>\n<p>Viendo lo que hay que ver.<\/p>\n<p>Y cogidos de la mano,<\/p>\n<p>despacio, te guiar\u00e9&#8230;<\/p>\n<p>&nbsp;<\/p>\n<p>&nbsp;<\/p>\n","protected":false},"excerpt":{"rendered":"<p>Carta abierta a mi nieto Mario \u00c1ngel\u00a0\u00a0\u00a0\u00a0\u00a0\u00a0\u00a0\u00a0\u00a0\u00a0\u00a0\u00a0\u00a0\u00a0\u00a0\u00a0\u00a0\u00a0\u00a0 \u00a0JOS\u00c9 BECERRA\u00a0 G\u00d3MEZ \u00a0Perm\u00edtanme que despu\u00e9s de muchos a\u00f1os asom\u00e1ndome a la portada de Sur digital y a las p\u00e1ginas de colaboraciones del peri\u00f3dico de papel, en los \u00a0que \u00a0perfil\u00e9 mis trabajos hablando \u00a0largo y tendido sobre los m\u00e1s variados temas y \u00a0tratar de mostrar a los lectores\u00a0 [&hellip;]<\/p>\n","protected":false},"author":27495,"featured_media":0,"comment_status":"open","ping_status":"open","sticky":false,"template":"","format":"standard","meta":[],"categories":[21],"tags":[],"_links":{"self":[{"href":"https:\/\/blogs.diariosur.es\/avuelapluma\/wp-json\/wp\/v2\/posts\/1754"}],"collection":[{"href":"https:\/\/blogs.diariosur.es\/avuelapluma\/wp-json\/wp\/v2\/posts"}],"about":[{"href":"https:\/\/blogs.diariosur.es\/avuelapluma\/wp-json\/wp\/v2\/types\/post"}],"author":[{"embeddable":true,"href":"https:\/\/blogs.diariosur.es\/avuelapluma\/wp-json\/wp\/v2\/users\/27495"}],"replies":[{"embeddable":true,"href":"https:\/\/blogs.diariosur.es\/avuelapluma\/wp-json\/wp\/v2\/comments?post=1754"}],"version-history":[{"count":0,"href":"https:\/\/blogs.diariosur.es\/avuelapluma\/wp-json\/wp\/v2\/posts\/1754\/revisions"}],"wp:attachment":[{"href":"https:\/\/blogs.diariosur.es\/avuelapluma\/wp-json\/wp\/v2\/media?parent=1754"}],"wp:term":[{"taxonomy":"category","embeddable":true,"href":"https:\/\/blogs.diariosur.es\/avuelapluma\/wp-json\/wp\/v2\/categories?post=1754"},{"taxonomy":"post_tag","embeddable":true,"href":"https:\/\/blogs.diariosur.es\/avuelapluma\/wp-json\/wp\/v2\/tags?post=1754"}],"curies":[{"name":"wp","href":"https:\/\/api.w.org\/{rel}","templated":true}]}}