{"id":1756,"date":"2014-07-29T12:52:50","date_gmt":"2014-07-29T10:52:50","guid":{"rendered":"http:\/\/blogs.diariosur.es\/avuelapluma\/?p=1756"},"modified":"2014-07-29T12:52:50","modified_gmt":"2014-07-29T10:52:50","slug":"mis-padres-vivieron-mejor-que-yo","status":"publish","type":"post","link":"https:\/\/blogs.diariosur.es\/avuelapluma\/2014\/07\/29\/mis-padres-vivieron-mejor-que-yo\/","title":{"rendered":"\u201cMis padres vivieron mejor que yo\u201d"},"content":{"rendered":"<p><strong>\u00a0<img loading=\"lazy\" id=\"irc_mi\" src=\"\/\/www.alertadigital.com\/wp-content\/uploads\/2013\/01\/jovenes-en-crisis.jpg\" alt=\"\" width=\"320\" height=\"250\" \/><\/strong><\/p>\n<p><strong>\u00a0<\/strong><\/p>\n<p><strong>La afirmaci\u00f3n no es m\u00eda, que ya no s\u00f3lo peino canas sino que me queda escasa pelambrera en la cabeza, sino los j\u00f3venes de hoy mismo. Yo podr\u00eda afirmar que\u00a0 mi generaci\u00f3n, los de mi edad, que conocimos siendo muy ni\u00f1os las penalidades de supervivencia en una Espa\u00f1a \u2013 la de los a\u00f1os 50 y 60 \u2013, pero que luego crecimos en un ambiente mucho m\u00e1s generoso por mor de los cambios que nos vinieron de manos de nuevas pol\u00edticas econ\u00f3micas y un progreso casi de cariz universal, disfrutamos de una calidad de vida superior a la de nuestros progenitores, algo que cabr\u00eda decir de nuestros hijos criados y estimulados merced a la nov\u00edsima situaci\u00f3n que\u00a0 proporcionaron los nuevos tiempos. <\/strong><\/p>\n<p><strong>\u00a0\u00a0 Los m\u00e1s viejos vivimos mejor que nuestros padres en aquellos a\u00f1os procelosos de posguerra y lo mismo se podr\u00eda afirmar\u00a0 de nuestros hijos, aqu\u00e9llos que rondan ya los cuatro lustros largos de su existencia o m\u00e1s: a su vez vivieron todav\u00eda mejor que lo que lo hicimos nosotros. <\/strong><\/p>\n<p><strong>\u00a0\u00a0 Pero se rompi\u00f3 el esquema: los\u00a0\u00a0 hijos de \u00e9stos, o sea, los j\u00f3venes de ahora, los que no pueden decir con la misma rotundidad que viven mejores que nosotros. Las pautas han cambiado y nuestro mocer\u00edo \u00a0no se empacha en airear con rotundidad y su miaja de encono, y as\u00ed lo recogen doctos estudios al respecto, que su calidad de vida ha sufrido una sustanciosa merma comparada con la de sus m\u00e1s inmediato predecesores. <\/strong><\/p>\n<p><strong>\u00a0\u00a0 Que todo el mundo es Jauja, ha dejado de ser una creencia que las adversas circunstancias actuales les han arrojado de aqu\u00e9l panorama id\u00edlico a una dura realidad que les lastima y sojuzga. No encuentran trabajo adecuado ni inadecuado despu\u00e9s de, en muchos casos, largos a\u00f1os de intensa preparaci\u00f3n. Se les cierran las puertas del empleo y ante la disyuntiva de los \u201cd\u00edas al sol\u201d, brazo sobre brazo, o hacer las maletas para emigrar a territorios presumiblemente m\u00e1s halag\u00fce\u00f1os para sus aspiraciones m\u00e1s que justas, se ven obligados\u00a0 a seguir esta segunda opci\u00f3n pese al desarraigo que ello lleva consigo.<\/strong><\/p>\n<p><strong>\u00a0\u00a0 No, nuestros j\u00f3venes, visto lo visto y sabedores del panorama oscuro tirando a negro que se les abre, no es raro que mascullen entre dientes aquello de \u201cmis padres vivieron mejos que yo\u201d. Puede que les asista la mayor raz\u00f3n del mundo al afirmarlo sin ambages.<\/strong><\/p>\n<p>Foto: alertadigital<\/p>\n","protected":false},"excerpt":{"rendered":"<p>\u00a0 \u00a0 La afirmaci\u00f3n no es m\u00eda, que ya no s\u00f3lo peino canas sino que me queda escasa pelambrera en la cabeza, sino los j\u00f3venes de hoy mismo. Yo podr\u00eda afirmar que\u00a0 mi generaci\u00f3n, los de mi edad, que conocimos siendo muy ni\u00f1os las penalidades de supervivencia en una Espa\u00f1a \u2013 la de los a\u00f1os [&hellip;]<\/p>\n","protected":false},"author":27495,"featured_media":0,"comment_status":"open","ping_status":"open","sticky":false,"template":"","format":"standard","meta":[],"categories":[3],"tags":[410,605,774],"_links":{"self":[{"href":"https:\/\/blogs.diariosur.es\/avuelapluma\/wp-json\/wp\/v2\/posts\/1756"}],"collection":[{"href":"https:\/\/blogs.diariosur.es\/avuelapluma\/wp-json\/wp\/v2\/posts"}],"about":[{"href":"https:\/\/blogs.diariosur.es\/avuelapluma\/wp-json\/wp\/v2\/types\/post"}],"author":[{"embeddable":true,"href":"https:\/\/blogs.diariosur.es\/avuelapluma\/wp-json\/wp\/v2\/users\/27495"}],"replies":[{"embeddable":true,"href":"https:\/\/blogs.diariosur.es\/avuelapluma\/wp-json\/wp\/v2\/comments?post=1756"}],"version-history":[{"count":0,"href":"https:\/\/blogs.diariosur.es\/avuelapluma\/wp-json\/wp\/v2\/posts\/1756\/revisions"}],"wp:attachment":[{"href":"https:\/\/blogs.diariosur.es\/avuelapluma\/wp-json\/wp\/v2\/media?parent=1756"}],"wp:term":[{"taxonomy":"category","embeddable":true,"href":"https:\/\/blogs.diariosur.es\/avuelapluma\/wp-json\/wp\/v2\/categories?post=1756"},{"taxonomy":"post_tag","embeddable":true,"href":"https:\/\/blogs.diariosur.es\/avuelapluma\/wp-json\/wp\/v2\/tags?post=1756"}],"curies":[{"name":"wp","href":"https:\/\/api.w.org\/{rel}","templated":true}]}}