{"id":1775,"date":"2014-08-16T12:09:42","date_gmt":"2014-08-16T10:09:42","guid":{"rendered":"http:\/\/blogs.diariosur.es\/avuelapluma\/?p=1775"},"modified":"2014-08-16T12:09:42","modified_gmt":"2014-08-16T10:09:42","slug":"mano-tendida-a-los-desempleados-de-la-comarca-de-ronda","status":"publish","type":"post","link":"https:\/\/blogs.diariosur.es\/avuelapluma\/2014\/08\/16\/mano-tendida-a-los-desempleados-de-la-comarca-de-ronda\/","title":{"rendered":"Mano tendida a los desempleados de la comarca de  Ronda"},"content":{"rendered":"<p>&nbsp;<\/p>\n<p><img loading=\"lazy\" id=\"irc_mi\" src=\"\/\/www.cadenaser.com\/recorte\/20130425csrcsreco_3\/LCO668\/Ies\/paro-Espana-supera-27.jpg\" alt=\"\" width=\"495\" height=\"308\" \/><\/p>\n<p><strong><strong>Los pol\u00edticos espa\u00f1oles \u2013 los andaluces no le van a la zaga = se aprestan para mostrar sus mejores intenciones a la hora de suscitar afectos cuando ven en el horizonte la celebraci\u00f3n de elecciones que, mal venidas para sus intereses, pueden socavar su permanencia\u00a0 en el cargo que a la saz\u00f3n disfrutan. <\/strong><\/strong><\/p>\n<p><strong><strong>Se barruntan negros nubarrones para la continuidad del bipartidismo que hasta ahora ha venido <strong>imperando \u2013 PP y PSOE en horas bajas = y se apresuran a contrarrestar el empuje\u00a0 de formaciones pol\u00edticas emergentes,\u00a0 no vayan a darles un disgusto sonado. <em>Podemos<\/em> se muestra imparable, incluso en los peque\u00f1os pueblos de la provincia malague\u00f1a, como \u00a0son los que pillo m\u00e1s a mano<\/strong>.<\/strong><\/strong><\/p>\n<p><strong><strong><strong><\/strong><\/strong>En la Serran\u00eda de Ronda a trav\u00e9s la Consejer\u00eda de Econom\u00eda y de Innovaci\u00f3n, Ciencia y Empleo, por m\u00e1s se\u00f1as, se van a destinar m\u00e1s \u00a0600.000 euros para darle un impulso (tan necesario) al empleo que desde a\u00f1os atr\u00e1s viene siendo la <em>bete noire<\/em>, o algo particularmente perjudicial para una depauperada poblaci\u00f3n, eminentemente rural abocada a la emigraci\u00f3n para el logro de unas mejores condiciones de vida. <\/strong><\/p>\n<p><strong>\u00a0\u00a0 Pero ha ido m\u00e1s all\u00e1 y se anuncia a golpe de platillo que se abrir\u00e1 una\u00a0 l\u00ednea de incentivos para que los ayuntamientos y entidades de la comarca impulsen proyectos sociales que vengan a sacar del marasmo que en la actualidad se debate buena parte de su poblaci\u00f3n sumida en el paro de la gente joven y el desempleo\u00a0 de larga duraci\u00f3n de los mayores de 30 a\u00f1os.<\/strong><\/p>\n<p><strong>\u00a0\u00a0 Lo cierto es que, bien mirado, y si hacemos caso a la Fundaci\u00f3n Madeca, el paro que hasta ahora ha sido end\u00e9mico en la Serran\u00eda de Ronda ha empezado, aunque t\u00edmidamente a descender. Se aporta un dato a esta evidencia: las personas que permanec\u00edan mano sobre mano y los lunes al sol han descendido un 7`50 %. Menos da una piedra.<\/strong><\/p>\n<p><strong>\u00a0 La cuesti\u00f3n es que estas promesas y buenos deseos de los pol\u00edticos tomen sin ambages visos de realidad. Que ya nos tienen acostumbrados al \u201cdonde dije digo\u2026\u201d y todo acaba en agua de borrajas. Sea como fuere y si lo prometido se cumple parece que vamos por buen camino. La comarca de Ronda, entre otras de la provincia de M\u00e1laga, \u00a0parece que empieza a salir \u00a0de la apat\u00eda y apunta hacia el buen camino en lo que se refiere al logro de un puesto de trabajo. \u00a1Que cuaje el empe\u00f1o y se muestre duradero! Es lo deseable.<\/strong><\/p>\n<p>&nbsp;<\/p>\n","protected":false},"excerpt":{"rendered":"<p>&nbsp; Los pol\u00edticos espa\u00f1oles \u2013 los andaluces no le van a la zaga = se aprestan para mostrar sus mejores intenciones a la hora de suscitar afectos cuando ven en el horizonte la celebraci\u00f3n de elecciones que, mal venidas para sus intereses, pueden socavar su permanencia\u00a0 en el cargo que a la saz\u00f3n disfrutan. Se [&hellip;]<\/p>\n","protected":false},"author":27495,"featured_media":0,"comment_status":"open","ping_status":"open","sticky":false,"template":"","format":"standard","meta":[],"categories":[18,21,22],"tags":[562,774,922,1024],"_links":{"self":[{"href":"https:\/\/blogs.diariosur.es\/avuelapluma\/wp-json\/wp\/v2\/posts\/1775"}],"collection":[{"href":"https:\/\/blogs.diariosur.es\/avuelapluma\/wp-json\/wp\/v2\/posts"}],"about":[{"href":"https:\/\/blogs.diariosur.es\/avuelapluma\/wp-json\/wp\/v2\/types\/post"}],"author":[{"embeddable":true,"href":"https:\/\/blogs.diariosur.es\/avuelapluma\/wp-json\/wp\/v2\/users\/27495"}],"replies":[{"embeddable":true,"href":"https:\/\/blogs.diariosur.es\/avuelapluma\/wp-json\/wp\/v2\/comments?post=1775"}],"version-history":[{"count":0,"href":"https:\/\/blogs.diariosur.es\/avuelapluma\/wp-json\/wp\/v2\/posts\/1775\/revisions"}],"wp:attachment":[{"href":"https:\/\/blogs.diariosur.es\/avuelapluma\/wp-json\/wp\/v2\/media?parent=1775"}],"wp:term":[{"taxonomy":"category","embeddable":true,"href":"https:\/\/blogs.diariosur.es\/avuelapluma\/wp-json\/wp\/v2\/categories?post=1775"},{"taxonomy":"post_tag","embeddable":true,"href":"https:\/\/blogs.diariosur.es\/avuelapluma\/wp-json\/wp\/v2\/tags?post=1775"}],"curies":[{"name":"wp","href":"https:\/\/api.w.org\/{rel}","templated":true}]}}