{"id":1784,"date":"2014-08-22T12:46:09","date_gmt":"2014-08-22T10:46:09","guid":{"rendered":"http:\/\/blogs.diariosur.es\/avuelapluma\/?p=1784"},"modified":"2014-08-22T12:46:09","modified_gmt":"2014-08-22T10:46:09","slug":"la-contribucion","status":"publish","type":"post","link":"https:\/\/blogs.diariosur.es\/avuelapluma\/2014\/08\/22\/la-contribucion\/","title":{"rendered":"La contribuci\u00f3n"},"content":{"rendered":"<p>La contribuci\u00f3n<\/p>\n<p>&nbsp;<\/p>\n<p><img loading=\"lazy\" id=\"irc_mi\" src=\"\/\/s3-eu-west-1.amazonaws.com\/rankia\/images\/valoraciones\/0012\/7303\/Los%20recibos%20de%20IBI.jpg?1381742017\" alt=\"\" width=\"495\" height=\"318\" \/><\/p>\n<p><strong>Las im\u00e1genes\u00a0 se me quedaron grabadas en la\u00a0 mente infantil, por mi edad abierta a todos los est\u00edmulos que me ven\u00edan del exterior. Cuando el verano, seco y pele\u00f3n, hac\u00eda estragos en el pueblo de la Serran\u00eda de Ronda que me vio nacer, la gente de condici\u00f3n modesta y\u00a0 obrera se acicalaba, casi tanto como en las fiestas del lugar \u2013 pantal\u00f3n y chaqueta nueva, camisa blanca, alpargatas o zapatos impolutos \u2013 y se encaminaba hac\u00eda el Ayuntamiento (en Benaoj\u00e1n, en la plaza de la iglesia, centro neur\u00e1lgico del pueblo), no sin mascullar por el camino alguna que otra maldici\u00f3n.<\/strong><\/p>\n<p><strong>\u00a0 \u00bfEra llegado el momento de rendir pleites\u00eda al Patr\u00f3n San Marcos? No, era llegada la hora de una exigencia del pap\u00e1 Estado, de la que quien m\u00e1s o quien menos protestaba por lo bajine o de forma estent\u00f3rea porque no eran tiempos para despenderse de unas pesetas que\u00a0 muchas veces hab\u00eda que sustraer de lo que exig\u00eda conseguir \u00a0el sustento diario. <\/strong><\/p>\n<p><strong>\u00a0\u00a0 Hab\u00eda que contribuir, que quieras que no, apaciguar la voracidad del Fisco, que a mi parva edad confund\u00eda con un monstruo de muchas cabezas que se erig\u00eda, insaciable,\u00a0 due\u00f1o se\u00f1or de casas y haciendas. La frase que se repet\u00eda resbalaba en esquinas y mentideros: \u201cLlegaron los de la contribuci\u00f3n y no hay quien se escape\u201d, se dec\u00eda en voz queda, regurgitando no poco encono.<\/strong><\/p>\n<p><strong>\u00a0\u00a0 Hoy, la contribuci\u00f3n de anta\u00f1o y su forma de satisfacerla ha cambiado de signo\u00a0 a remolque de los nov\u00edsimos tiempos, aparte de que ya nadie le endilga esa designaci\u00f3n ni que haya que despojarse de la ropa de trabajo para, m\u00e1s adecentado,\u00a0 cumplir con las exigencias del erario p\u00fablico en el ayuntamiento correspondiente.<\/strong><\/p>\n<p><strong>\u00a0\u00a0 Ahora, el tributo anual nos llega de forma m\u00e1s as\u00e9ptica y menos engorrosa para vocalizar. Tom\u00f3 cuerpo intentado\u00a0 limar las asperezas que quieras o no produc\u00eda la antigua denominaci\u00f3n \u00a0capaz de provocar urticaria y animadversi\u00f3n, que nadie intentaba disimular, ya digo. Se le bautiz\u00f3 de manera m\u00e1s lac\u00f3nica y sonora y vino para quedarse: IBI, o sea, Impuesto de Bienes Inmueble, que viene cada agosto, como los\u00a0 calores,\u00a0 a socavarnos el\u00a0 \u00e1nimo y los bolsillos.<\/strong><\/p>\n<p><strong>\u00a0\u00a0 El malhadado IBI viene cada a\u00f1o por las mismas fechas y toma posesi\u00f3n del rengl\u00f3n correspondiente de la libreta de nuestra cuenta bancaria con el consabido rechinar de dientes que\u00a0 produce lo que desagrada y es inevitable. Ya\u00a0 me lo advirti\u00f3 un viejo campesino de la Serran\u00eda de Ronda cuando se dispon\u00eda a satisfacer la gabela, calle arriba camino del Consistorio local: \u201c<\/strong>\u201c<strong>En este mundo no se puede estar seguro de nada, salvo de la muerte y la contribuci\u00f3n\u201d.<\/strong><\/p>\n<p><strong>\u00a0\u00a0 <\/strong><\/p>\n","protected":false},"excerpt":{"rendered":"<p>La contribuci\u00f3n &nbsp; Las im\u00e1genes\u00a0 se me quedaron grabadas en la\u00a0 mente infantil, por mi edad abierta a todos los est\u00edmulos que me ven\u00edan del exterior. Cuando el verano, seco y pele\u00f3n, hac\u00eda estragos en el pueblo de la Serran\u00eda de Ronda que me vio nacer, la gente de condici\u00f3n modesta y\u00a0 obrera se acicalaba, [&hellip;]<\/p>\n","protected":false},"author":27495,"featured_media":0,"comment_status":"open","ping_status":"open","sticky":false,"template":"","format":"standard","meta":[],"categories":[21],"tags":[273,551,560],"_links":{"self":[{"href":"https:\/\/blogs.diariosur.es\/avuelapluma\/wp-json\/wp\/v2\/posts\/1784"}],"collection":[{"href":"https:\/\/blogs.diariosur.es\/avuelapluma\/wp-json\/wp\/v2\/posts"}],"about":[{"href":"https:\/\/blogs.diariosur.es\/avuelapluma\/wp-json\/wp\/v2\/types\/post"}],"author":[{"embeddable":true,"href":"https:\/\/blogs.diariosur.es\/avuelapluma\/wp-json\/wp\/v2\/users\/27495"}],"replies":[{"embeddable":true,"href":"https:\/\/blogs.diariosur.es\/avuelapluma\/wp-json\/wp\/v2\/comments?post=1784"}],"version-history":[{"count":0,"href":"https:\/\/blogs.diariosur.es\/avuelapluma\/wp-json\/wp\/v2\/posts\/1784\/revisions"}],"wp:attachment":[{"href":"https:\/\/blogs.diariosur.es\/avuelapluma\/wp-json\/wp\/v2\/media?parent=1784"}],"wp:term":[{"taxonomy":"category","embeddable":true,"href":"https:\/\/blogs.diariosur.es\/avuelapluma\/wp-json\/wp\/v2\/categories?post=1784"},{"taxonomy":"post_tag","embeddable":true,"href":"https:\/\/blogs.diariosur.es\/avuelapluma\/wp-json\/wp\/v2\/tags?post=1784"}],"curies":[{"name":"wp","href":"https:\/\/api.w.org\/{rel}","templated":true}]}}