{"id":1786,"date":"2014-08-25T13:49:21","date_gmt":"2014-08-25T11:49:21","guid":{"rendered":"http:\/\/blogs.diariosur.es\/avuelapluma\/?p=1786"},"modified":"2014-08-25T13:49:21","modified_gmt":"2014-08-25T11:49:21","slug":"corrupcion-impune-por-ahora","status":"publish","type":"post","link":"https:\/\/blogs.diariosur.es\/avuelapluma\/2014\/08\/25\/corrupcion-impune-por-ahora\/","title":{"rendered":"Corrupci\u00f3n impune (por ahora)"},"content":{"rendered":"<p><strong>\u00a0<\/strong><\/p>\n<p><strong>Se resiste uno a hablar del caso\u00a0 Puyol desde aqu\u00ed, en \u00a0la maltrecha Andaluc\u00eda donde abundan los casos de la corrupci\u00f3n entre jerarcas pol\u00edticos y sus adl\u00e1tares se embolsaron millones de euros substra\u00eddos de los cursos de formaci\u00f3n\u00a0 destinados c\u00e1ndidamente a paliar la acuciante tragedia del paro que hunde en la desesperaci\u00f3n a tantas familias de la regi\u00f3n, o de los ERE fraudulentos que la coloc\u00f3 en la cabecera de la corrupci\u00f3n que hoy por hoy es un bald\u00f3n que la aplastar\u00e1 durante decenios. Puede que en nuestra tierra queden todav\u00eda malhechores que siguen sin dar cuenta de sus fechor\u00edas, pero tambi\u00e9n es cierto que ya hay algunos en chirona \u00a0y sobre otros se extiende alargada la sombra de la Justicia para que paguen por sus felon\u00edas.<\/strong><\/p>\n<p><strong>\u00a0\u00a0 Cierto es que vemos cada d\u00eda en\u00a0 nuestra Comunidad el descaro de quienes se\u00f1alados por sus trapisondas contin\u00faan en la calle y tan campantes. Pero esa petulancia roza lo inveros\u00edmil en el caso del que fuera y ya no lo es el honorable ciudadano\u00a0\u00a0 catal\u00e1n Jordi Puyol. Despu\u00e9s de confesar \u2013 seguramente empujado por\u00a0 circunstancias pol\u00edticas que lo pon\u00edan en el disparadero \u2013 que hab\u00eda mentido sobre enriquecimiento personal\u00a0 y el &#8220;fraude fiscal&#8221;,\u00a0 vemos al expresidente de la Generalitat un d\u00eda s\u00ed y otro tambi\u00e9n paseando tranquilamente por las calles en las que se ubica su residencia veraniega como si nada tenga que ver con el fraude declarado y que mantuvo durante m\u00e1s de tres d\u00e9cadas.<\/strong><\/p>\n<p><strong>\u00a0\u00a0 Asaltado por los periodistas que no parece\u00a0 que altere su \u00e1nimo deambula cada ma\u00f1ana o atardecer hacia su caf\u00e9 habitual del pueblecito del Pirineo de Girona y contesta a los saludos que los aldeanos, los cuales hacen caso omiso a la pol\u00edtica y muestran anteojeras\u00a0 a la declaraci\u00f3n sobre su patrimonio fuera de Espa\u00f1a, le dirigen como lo hacen a un veraneante m\u00e1s de los que escogen el lugar para su descanso estival. Como si con \u00e9l o su familia no fuese la sacudida que\u00a0 ha originado en la mayor parte del \u00e1nimo\u00a0 de la ciudadan\u00eda del pa\u00eds.<\/strong><\/p>\n<p><strong>\u00a0\u00a0 Y nos preguntamos, ganados por el asombro\u00a0 \u00bfhasta cu\u00e1ndo durar\u00e1 la impunidad que gozan los que se lucraron con el dinero de todos? \u00bfQu\u00e9 espera la Ley para que sucumban ante el peso de la Ley que deber\u00eda ser igual para todos? \u00bfHasta cuando camparan por sus respetos? \u00bfDevolver\u00e1n el dinero falazmente agenciado? <\/strong><\/p>\n<p><strong>\u00a0 Es muy dif\u00edcil hacer compatible la pol\u00edtica y la moral. No lo digo yo lo dijo sir Francis Bacon, fil\u00f3sofo y pol\u00edtico ingl\u00e9s del siglo XVI (ya ha llovido). Lo que a m\u00ed se me ocurre es que si no se lucha denodadamente contra la corrupci\u00f3n no ser\u00e1n pocos los pol\u00edticos que caigan en ella. Pero eso ser\u00eda, como dicen en la Serran\u00eda de Ronda los que m\u00e1s a\u00f1os suman,\u00a0 poner el arado delante de los bueyes.<\/strong><\/p>\n","protected":false},"excerpt":{"rendered":"<p>\u00a0 Se resiste uno a hablar del caso\u00a0 Puyol desde aqu\u00ed, en \u00a0la maltrecha Andaluc\u00eda donde abundan los casos de la corrupci\u00f3n entre jerarcas pol\u00edticos y sus adl\u00e1tares se embolsaron millones de euros substra\u00eddos de los cursos de formaci\u00f3n\u00a0 destinados c\u00e1ndidamente a paliar la acuciante tragedia del paro que hunde en la desesperaci\u00f3n a tantas [&hellip;]<\/p>\n","protected":false},"author":27495,"featured_media":0,"comment_status":"open","ping_status":"open","sticky":false,"template":"","format":"standard","meta":[],"categories":[18],"tags":[],"_links":{"self":[{"href":"https:\/\/blogs.diariosur.es\/avuelapluma\/wp-json\/wp\/v2\/posts\/1786"}],"collection":[{"href":"https:\/\/blogs.diariosur.es\/avuelapluma\/wp-json\/wp\/v2\/posts"}],"about":[{"href":"https:\/\/blogs.diariosur.es\/avuelapluma\/wp-json\/wp\/v2\/types\/post"}],"author":[{"embeddable":true,"href":"https:\/\/blogs.diariosur.es\/avuelapluma\/wp-json\/wp\/v2\/users\/27495"}],"replies":[{"embeddable":true,"href":"https:\/\/blogs.diariosur.es\/avuelapluma\/wp-json\/wp\/v2\/comments?post=1786"}],"version-history":[{"count":0,"href":"https:\/\/blogs.diariosur.es\/avuelapluma\/wp-json\/wp\/v2\/posts\/1786\/revisions"}],"wp:attachment":[{"href":"https:\/\/blogs.diariosur.es\/avuelapluma\/wp-json\/wp\/v2\/media?parent=1786"}],"wp:term":[{"taxonomy":"category","embeddable":true,"href":"https:\/\/blogs.diariosur.es\/avuelapluma\/wp-json\/wp\/v2\/categories?post=1786"},{"taxonomy":"post_tag","embeddable":true,"href":"https:\/\/blogs.diariosur.es\/avuelapluma\/wp-json\/wp\/v2\/tags?post=1786"}],"curies":[{"name":"wp","href":"https:\/\/api.w.org\/{rel}","templated":true}]}}