{"id":1795,"date":"2014-09-01T13:14:58","date_gmt":"2014-09-01T11:14:58","guid":{"rendered":"http:\/\/blogs.diariosur.es\/avuelapluma\/?p=1795"},"modified":"2014-09-01T13:14:58","modified_gmt":"2014-09-01T11:14:58","slug":"el-pp-contra-los-privilegios","status":"publish","type":"post","link":"https:\/\/blogs.diariosur.es\/avuelapluma\/2014\/09\/01\/el-pp-contra-los-privilegios\/","title":{"rendered":"\u00bfEl PP contra los privilegios?"},"content":{"rendered":"<p><strong>\u00a0<\/strong><\/p>\n<p><strong><img loading=\"lazy\" src=\"\/\/i.huffpost.com\/gen\/2008804\/thumbs\/s-RAJOY-large300.jpg\" alt=\"\" width=\"282\" height=\"206\" \/><\/strong><\/p>\n<p><strong>\u00a0<\/strong><\/p>\n<p><strong>Ha llegado tarde, pero parece que est\u00e1 llegado. Dicen en mi pueblo, gente serrana y socarrona, que nunca es tarde si la dicha es buena y los populares han decidido dictaminar con energ\u00eda sobre las personas o entidades que gozan de alg\u00fan fuero en materia de jurisdicci\u00f3n o de ciertos privilegios, o sea sobre los aforados que en el pa\u00eds conforman legi\u00f3n. <\/strong><\/p>\n<p><strong>\u00a0\u00a0 Nada menos que 17.600 en cifras redondas y elocuentes, que en el caso de enjuiciamientos disfrutan de unas prerrogativas que para s\u00ed quisi\u00e9ramos muchos, entre otras las de ser juzgados exclusivamente por el Tribunal Superior de Justicia o en su caso por el Tribunal Supremo\u00a0 en tiempo y forma que sean raz\u00f3n. Una inmunidad a la que se acogen, por ejemplo, los parlamentarios tanto nacionales como de las administraciones aut\u00f3nomas, que tendr\u00e1 su raz\u00f3n de ser pero que no deja de levantar ampollas entre el com\u00fan de los mortales a los que se les exige responder ante los tribunales ordinarios. <\/strong><\/p>\n<p><strong>\u00a0\u00a0\u00a0 La pretensi\u00f3n es que la cifra de aforados sobrepase en muy poco una veintena de personas, adem\u00e1s de la Familia Real. O sea, los presidentes del Gobierno, el Senado y las Comunidades Aut\u00f3nomas. Tach\u00f3n para ministros y parlamentarios, entre otras instancias que gozaban de la sinecura.<\/strong><\/p>\n<p><strong>\u00a0\u00a0 Anda diciendo por ah\u00ed que el partido ahora en el Gobierno le ha visto las orejas al lobo (tambi\u00e9n las vio y en mayor medida si cabe el de la Oposici\u00f3n), algo que se hizo patente en las elecciones europeas \u00faltimas. <\/strong><\/p>\n<p><strong>\u00a0\u00a0 Es un clamor que la desafecci\u00f3n hacia los pol\u00edticos ha tomado la calle: se desconf\u00eda y se ponen en entredicho sus soflamas. Tanto es as\u00ed que Rajoy ha querido poner pies en pared sumando esta inactiva pol\u00edtica (de la que acaba de vocear el ministro Ruiz Gallard\u00f3n), sumada, entre otras, a la de elecci\u00f3n directa de los alcaldes, cuando ya se otean en el horizonte los comicios municipales de 2015, a la vuelta de la esquina, oiga. <\/strong><\/p>\n<p><strong>Lo que se quiere dejar claro es que se est\u00e1n dando los primeros pasos para la regeneraci\u00f3n pol\u00edtica y un posible apalancamiento de nuestra no muy vetusta democracia que viene haciendo aguas por todos lados en los \u00faltimos tiempos. Cuanto m\u00e1s que el susodicho aforamiento en tal magnitud es exclusivo en Espa\u00f1a y desconocido\u00a0 en el resto de los pa\u00edses europeos con los que nos codeamos para bien o para mal. <\/strong><\/p>\n<p><strong>\u00a0\u00a0 La pregunta es si estas proposiciones al hilo de las elecciones que se aproximan no ser\u00e1n sino una cortina de humo para obnubilar a quienes se ven inmersos en el desencanto y el \u00a0escepticismo provocado por una retah\u00edla de promesas incumplidas. Como dicen los viejos de la Serran\u00eda ronde\u00f1a, a los que no me canso de traer a colaci\u00f3n por su sabidur\u00eda, \u201ccuando uno dice que est\u00e1 de acuerdo en principio con una cosa quiere decir que no tiene ni la menor intenci\u00f3n de llevarlo a cabo en la pr\u00e1ctica\u201d.<\/strong><\/p>\n","protected":false},"excerpt":{"rendered":"<p>\u00a0 \u00a0 Ha llegado tarde, pero parece que est\u00e1 llegado. Dicen en mi pueblo, gente serrana y socarrona, que nunca es tarde si la dicha es buena y los populares han decidido dictaminar con energ\u00eda sobre las personas o entidades que gozan de alg\u00fan fuero en materia de jurisdicci\u00f3n o de ciertos privilegios, o sea [&hellip;]<\/p>\n","protected":false},"author":27495,"featured_media":0,"comment_status":"open","ping_status":"open","sticky":false,"template":"","format":"standard","meta":[],"categories":[3],"tags":[],"_links":{"self":[{"href":"https:\/\/blogs.diariosur.es\/avuelapluma\/wp-json\/wp\/v2\/posts\/1795"}],"collection":[{"href":"https:\/\/blogs.diariosur.es\/avuelapluma\/wp-json\/wp\/v2\/posts"}],"about":[{"href":"https:\/\/blogs.diariosur.es\/avuelapluma\/wp-json\/wp\/v2\/types\/post"}],"author":[{"embeddable":true,"href":"https:\/\/blogs.diariosur.es\/avuelapluma\/wp-json\/wp\/v2\/users\/27495"}],"replies":[{"embeddable":true,"href":"https:\/\/blogs.diariosur.es\/avuelapluma\/wp-json\/wp\/v2\/comments?post=1795"}],"version-history":[{"count":0,"href":"https:\/\/blogs.diariosur.es\/avuelapluma\/wp-json\/wp\/v2\/posts\/1795\/revisions"}],"wp:attachment":[{"href":"https:\/\/blogs.diariosur.es\/avuelapluma\/wp-json\/wp\/v2\/media?parent=1795"}],"wp:term":[{"taxonomy":"category","embeddable":true,"href":"https:\/\/blogs.diariosur.es\/avuelapluma\/wp-json\/wp\/v2\/categories?post=1795"},{"taxonomy":"post_tag","embeddable":true,"href":"https:\/\/blogs.diariosur.es\/avuelapluma\/wp-json\/wp\/v2\/tags?post=1795"}],"curies":[{"name":"wp","href":"https:\/\/api.w.org\/{rel}","templated":true}]}}