{"id":1798,"date":"2014-09-03T12:14:10","date_gmt":"2014-09-03T10:14:10","guid":{"rendered":"http:\/\/blogs.diariosur.es\/avuelapluma\/?p=1798"},"modified":"2014-09-03T12:14:10","modified_gmt":"2014-09-03T10:14:10","slug":"la-siesta-andaluza-le-gana-la-partida-al-yoga","status":"publish","type":"post","link":"https:\/\/blogs.diariosur.es\/avuelapluma\/2014\/09\/03\/la-siesta-andaluza-le-gana-la-partida-al-yoga\/","title":{"rendered":"La siesta andaluza le gana la partida al yoga"},"content":{"rendered":"<p><img loading=\"lazy\" id=\"irc_mi\" src=\"\/\/www.serraniaderonda.com\/portal\/archivos\/\/Montejaque.jpg\" alt=\"\" width=\"495\" height=\"329\" \/><\/p>\n<p>&nbsp;<\/p>\n<p>Benaoj\u00e1n sumido en la calina del est\u00edo<\/p>\n<p><strong>JOS\u00c9 BECERRA G\u00d3MEZ<\/strong><\/p>\n<p><strong>Una de las fotos que de mi familia guardo como oro en pa\u00f1o es la de mi padre dormitando pac\u00edficamente en una mecedora en el patio de\u00a0 mi casa de Benaoj\u00e1n. El peri\u00f3dico del d\u00eda desmadejado en sus rodillas, la sombra de una airosa palmera que\u00a0 mi madre cuidaba como se pudiera hacer a un animal dom\u00e9stico, entre otras flores en las que los patios andaluces se prodigan- geranios, rosales, petunias \u00a0&#8211; brind\u00e1ndole una grata sombra y barrunto que un agradable aroma, si es que acababan de de recibir el agasajo del riego diario del atardecer. Recovecos de <em>flores<\/em>, cal blanca y <em>macetas<\/em> rebosantes. <\/strong><\/p>\n<p><strong>\u00a0\u00a0\u00a0 La calle sola y silenciosa, el ladrido lejano de un perro vagabundo, el chirriar de los goznes de una puerta que se cierra neg\u00e1ndole al sol su paso desabrido al rinc\u00f3n apacible de un hogar\u2026 Present\u00eda m\u00e1s que ve\u00eda cansancio y sopor de cuerpos derrengados en un pueblecillo que hac\u00eda un alto en las faenas imposibles de la can\u00edcula del campo o de la f\u00e1brica.<\/strong><\/p>\n<p><strong>\u00a0Recuerdo el momento en el que atin\u00e9 con la instant\u00e1nea: la conservo porque me retrotrae a un momento feliz de mi adolescencia en el seno de un hogar que luego habr\u00eda de evocar sumergido en los sinsabores que el transcurso de los a\u00f1os nos deparan. No pocas veces me ha acompa\u00f1ado esta imagen de mi progenitor, tranquilamente reposando en el patio de mi hogar de siempre en esos momentos cruciales del mediod\u00eda, \u00a0he ido a buscar como \u00e9l el letargo en el rinc\u00f3n y la butaca preferida despu\u00e9s de la jornada laboral, no digamos ahora que disfruto del asueto que la senectud exige.<\/strong><\/p>\n<p><strong>\u00a0\u00a0\u00a0 Puestos a comparar la siesta andaluza nada tiene que envidiar al yoga que se nos import\u00f3 desde tierras extra\u00f1as y que tambi\u00e9n busca la relajaci\u00f3n del esp\u00edritu y el cuerpo. La ataraxia\u00a0 que nos proporciona la siesta \u2013basta con 20 minutos de dormivela \u2013 puede alcanzar el \u00e9xtasis, si me apuran con mayor aceleraci\u00f3n y resultados benefactores para la salud, sin necesidad de adoptar extra\u00f1as posturas ajenas a nuestras maneras y costumbres inveteradas.<\/strong><\/p>\n<p><strong>\u00a0\u00a0 El yoga posee connotaciones disciplinarias y mentales y procede de la India y se asocia con pr\u00e1cticas de meditaci\u00f3n para alcanzar el nirvana o felicidad. La siesta andaluza no necesita en esa introspecci\u00f3n personal\u00a0 para alcanzar igual o mejor resultado. Basta cerrar los ojos, negar todo indicio de preocupaci\u00f3n y dejarse llevar por la laxitud que normalmente invade el cuerpo despu\u00e9s de la principal comida del d\u00eda. En la Serran\u00eda de Ronda sabemos mucho sobre eso y la practicamos sin mayores componendas. Y nos va tan ricamente. <\/strong><\/p>\n<p>Foto: Serran\u00eda de Ronda<\/p>\n","protected":false},"excerpt":{"rendered":"<p>&nbsp; Benaoj\u00e1n sumido en la calina del est\u00edo JOS\u00c9 BECERRA G\u00d3MEZ Una de las fotos que de mi familia guardo como oro en pa\u00f1o es la de mi padre dormitando pac\u00edficamente en una mecedora en el patio de\u00a0 mi casa de Benaoj\u00e1n. El peri\u00f3dico del d\u00eda desmadejado en sus rodillas, la sombra de una airosa [&hellip;]<\/p>\n","protected":false},"author":27495,"featured_media":0,"comment_status":"open","ping_status":"open","sticky":false,"template":"","format":"standard","meta":[],"categories":[8],"tags":[136,958,969,1055],"_links":{"self":[{"href":"https:\/\/blogs.diariosur.es\/avuelapluma\/wp-json\/wp\/v2\/posts\/1798"}],"collection":[{"href":"https:\/\/blogs.diariosur.es\/avuelapluma\/wp-json\/wp\/v2\/posts"}],"about":[{"href":"https:\/\/blogs.diariosur.es\/avuelapluma\/wp-json\/wp\/v2\/types\/post"}],"author":[{"embeddable":true,"href":"https:\/\/blogs.diariosur.es\/avuelapluma\/wp-json\/wp\/v2\/users\/27495"}],"replies":[{"embeddable":true,"href":"https:\/\/blogs.diariosur.es\/avuelapluma\/wp-json\/wp\/v2\/comments?post=1798"}],"version-history":[{"count":0,"href":"https:\/\/blogs.diariosur.es\/avuelapluma\/wp-json\/wp\/v2\/posts\/1798\/revisions"}],"wp:attachment":[{"href":"https:\/\/blogs.diariosur.es\/avuelapluma\/wp-json\/wp\/v2\/media?parent=1798"}],"wp:term":[{"taxonomy":"category","embeddable":true,"href":"https:\/\/blogs.diariosur.es\/avuelapluma\/wp-json\/wp\/v2\/categories?post=1798"},{"taxonomy":"post_tag","embeddable":true,"href":"https:\/\/blogs.diariosur.es\/avuelapluma\/wp-json\/wp\/v2\/tags?post=1798"}],"curies":[{"name":"wp","href":"https:\/\/api.w.org\/{rel}","templated":true}]}}