{"id":1801,"date":"2014-09-06T12:40:45","date_gmt":"2014-09-06T10:40:45","guid":{"rendered":"http:\/\/blogs.diariosur.es\/avuelapluma\/?p=1801"},"modified":"2014-09-06T12:40:45","modified_gmt":"2014-09-06T10:40:45","slug":"vacuna-esfumada","status":"publish","type":"post","link":"https:\/\/blogs.diariosur.es\/avuelapluma\/2014\/09\/06\/vacuna-esfumada\/","title":{"rendered":"Vacuna esfumada"},"content":{"rendered":"<p><strong>Vacuna esfumada<\/strong><\/p>\n<p><strong>\u00a0<img loading=\"lazy\" id=\"irc_mi\" src=\"\/\/www.migueljara.com\/wp-content\/uploads\/2013\/09\/VARIVAX1.jpg\" alt=\"\" width=\"164\" height=\"394\" \/><\/strong><\/p>\n<p><strong>Las vacunas\u00a0 de beb\u00e9s y de los que ya no lo son tanto traen a padres y abuelos \u2013 entre los que me cuento \u2013 desorientados y a mal traer. Si ya resulta problem\u00e1tico el que sus reto\u00f1os de poca edad puedan acceder a inoculaciones contra enfermedades que suelen distorsionar sus vidas y ven c\u00f3mo se esquilman sus bolsillos a la hora de adquirirlas \u2013 caso del Rotarix y el Prevenar-, cuyos precios conjuntados pueden ascender a una cantidad que puede rondar los mil euros, que no es moco de pavo dado la situaci\u00f3n econ\u00f3mica que padecemos <\/strong><\/p>\n<p><strong>\u00a0\u00a0 Pero por lo menos, y ahogando nuestro gozo en un pozo, se puede disponer de ellas en farmacias u hospitales. Algo que no ocurre en el caso de la vacuna de la varicela: es imposible conseguirla en Espa\u00f1a, no solo por su carest\u00eda sino porque ha desaparecido de los anaqueles de las \u00a0boticas como por ensalmo.<\/strong><\/p>\n<p><strong>\u00a0\u00a0 La Asociaci\u00f3n Espa\u00f1ola de Pediatr\u00eda, am\u00e9n de otras entidades cient\u00edficas,\u00a0 ha puesto el grito en el cielo. No comporten el dislate de que el Ministerio de Sanidad haya prohibido la venta de esta vacuna en las farmacias cuando dan por seguro que es necesaria y as\u00ed \u00a0recomiendan a los padres que inoculen a su prole\u00a0 a partir de los doce meses de vida. <\/strong><\/p>\n<p><strong>\u00a0 Hasta ahora pod\u00edan hacerlo, pero no \u00a0a partir de esta dr\u00e1stica disposici\u00f3n ministerial que acaba de tomar cuerpo \u00a0por la cual \u00a0tendr\u00e1n que esperar a que el imp\u00faber cumpla los doce a\u00f1os. Eso, o trasladarse el extranjero para su adquisici\u00f3n, que Andorra y Gibraltar ya conoce este deambular de padres por sus territorios cuando, por casos parecidos las autoridades sanitarias les ponen\u00a0 en un brete.<\/strong><\/p>\n<p><strong>\u00a0\u00a0 La varicela, como apuntan expertos en enfermedades infantiles, puede provocar complicaciones infecciosas que, en el peor de los casos pueden culminar \u00a0 en un desenlace grave, aunque se recalca que en la mayor\u00eda de ellos\u00a0 se desarrolla sin problemas serios. Pero a ver c\u00f3mo se convencen a los padres de que sus chavales pueden salir indemnes de este estado m\u00f3rbido.<br \/>\n<\/strong><\/p>\n<p><strong>\u00a0 Cuesta trabajo convencer a quienes disponen en Salud \u00a0que el dinero invertido en vacunas al final resulta es rentable: beneficia a la poblaci\u00f3n y produce menor esquilmo en las arcas p\u00fablicas. Pero a ver, qui\u00e9n le pone puertas al campo en el ordeno y mando de\u00a0 nuestros dirigentes pol\u00edticos, a\u00fan cuando los progenitores est\u00e1n dispuestos a escarbar en sus bolsillos ante situaciones parecidas. La marca Espa\u00f1a, que no deja de asombrarnos m\u00e1s para mal que para bien.<\/strong><\/p>\n<p><strong>\u00a0<\/strong><\/p>\n<p><strong>\u00a0<\/strong><\/p>\n<p><strong>\u00a0<\/strong><\/p>\n<p><strong>\u00a0\u00a0 <\/strong><\/p>\n","protected":false},"excerpt":{"rendered":"<p>Vacuna esfumada \u00a0 Las vacunas\u00a0 de beb\u00e9s y de los que ya no lo son tanto traen a padres y abuelos \u2013 entre los que me cuento \u2013 desorientados y a mal traer. Si ya resulta problem\u00e1tico el que sus reto\u00f1os de poca edad puedan acceder a inoculaciones contra enfermedades que suelen distorsionar sus vidas [&hellip;]<\/p>\n","protected":false},"author":27495,"featured_media":0,"comment_status":"open","ping_status":"open","sticky":false,"template":"","format":"standard","meta":[],"categories":[3],"tags":[859,1044,1049],"_links":{"self":[{"href":"https:\/\/blogs.diariosur.es\/avuelapluma\/wp-json\/wp\/v2\/posts\/1801"}],"collection":[{"href":"https:\/\/blogs.diariosur.es\/avuelapluma\/wp-json\/wp\/v2\/posts"}],"about":[{"href":"https:\/\/blogs.diariosur.es\/avuelapluma\/wp-json\/wp\/v2\/types\/post"}],"author":[{"embeddable":true,"href":"https:\/\/blogs.diariosur.es\/avuelapluma\/wp-json\/wp\/v2\/users\/27495"}],"replies":[{"embeddable":true,"href":"https:\/\/blogs.diariosur.es\/avuelapluma\/wp-json\/wp\/v2\/comments?post=1801"}],"version-history":[{"count":0,"href":"https:\/\/blogs.diariosur.es\/avuelapluma\/wp-json\/wp\/v2\/posts\/1801\/revisions"}],"wp:attachment":[{"href":"https:\/\/blogs.diariosur.es\/avuelapluma\/wp-json\/wp\/v2\/media?parent=1801"}],"wp:term":[{"taxonomy":"category","embeddable":true,"href":"https:\/\/blogs.diariosur.es\/avuelapluma\/wp-json\/wp\/v2\/categories?post=1801"},{"taxonomy":"post_tag","embeddable":true,"href":"https:\/\/blogs.diariosur.es\/avuelapluma\/wp-json\/wp\/v2\/tags?post=1801"}],"curies":[{"name":"wp","href":"https:\/\/api.w.org\/{rel}","templated":true}]}}