{"id":1807,"date":"2014-09-13T12:03:28","date_gmt":"2014-09-13T10:03:28","guid":{"rendered":"http:\/\/blogs.diariosur.es\/avuelapluma\/?p=1807"},"modified":"2014-09-13T12:03:28","modified_gmt":"2014-09-13T10:03:28","slug":"quien-teme-a-podemos","status":"publish","type":"post","link":"https:\/\/blogs.diariosur.es\/avuelapluma\/2014\/09\/13\/quien-teme-a-podemos\/","title":{"rendered":"\u00bfQui\u00e9n teme a Podemos?"},"content":{"rendered":"<p><strong><\/p>\n<p><\/strong><\/p>\n<p><strong>\u00bfQui\u00e9n teme a Podemos?<\/strong><\/p>\n<p><strong>\u00a0<img loading=\"lazy\" id=\"irc_mi\" src=\"\/\/www.diariosur.es\/RC\/201407\/05\/media\/cortadas\/iglesias-pablo--575x323.jpg\" alt=\"\" width=\"495\" height=\"278\" \/><\/strong><\/p>\n<p><strong>Podemos irrumpi\u00f3 en el panorama pol\u00edtico con una fuerza indubitable en los \u00faltimos comicios europeos. Los resultados sorprendieron a muchos, los componentes del grupo emergente incluidos. Seguramente no esperaban que se alzaran con la victoria, que bien mirada lo es, en cuanto que consiguieron mucho m\u00e1s de un mill\u00f3n de votos, lo que nadie pensaba como posible. Y no parece que vaya a quedar ah\u00ed la cosa. <\/strong><\/p>\n<p><strong>\u00a0\u00a0 Hay soci\u00f3logos de altura que prev\u00e9n un proceso\u00a0 vertiginoso en las consultas electorales que est\u00e1n al caer: municipales, auton\u00f3micas y generales. En estas \u00faltimas vaticinan nada menos que tres millones de votos. \u00bfLleg\u00f3 Podemos al escenario pol\u00edtico espa\u00f1ol para quedarse? Todo apunta a que s\u00ed. Culebrea el movimiento por pueblos y ciudades y formaciones que hasta hace nada iban por libre no dudan en abrasar su bandera. Muy de cerca le sigue los pasos Ganemos: ambicionan candidaturas aglutinando movimientos ciudadanos y partidos de\u00a0 la izquierda para\u00a0 creer un frente beligerante com\u00fan. <\/strong><\/p>\n<p><strong>\u00a0\u00a0 Hay que decir, no obstante, que no solo de la izquierda, bien aferrada en la provincia por cierto, parece que vayan a surgir los votos: la deriva a Podemos de\u00a0 gente que siempre optaron por candidatos de derecha parece incontestable. Como fruto del hartazgo que produce la permanencia y alternancia de los dos grandes partidos en el poder y el desafecto y cabreo que vienen provocando en los \u00faltimos tiempos,\u00a0\u00a0 sobre todo en las clases de la sociedad menos favorecida,\u00a0 es posible que haya quien se decante hacia este movimiento nov\u00edsimo, el cual,\u00a0 sin bien hay quien califica de populista,\u00a0 no deja de ser\u00a0 cierto que muestra\u00a0 reivindicaciones que no pueden dejar de\u00a0 sonar bien en los o\u00eddos de quienes la est\u00e1n pasando canutas para subsistir.<\/strong><\/p>\n<p><strong>\u00a0\u00a0 Es muy posible que Podemos se hace como tercera fuerza en los comicios generales que est\u00e1n en puerta \u2013 las consultas demosc\u00f3pica as\u00ed lo aprecian &#8211; , desde luego le viene comiendo el terreno y \u00a1de qu\u00e9 manera! al PSOE. \u00bfQui\u00e9n les teme, pues? Sin duda la partitocracia instalada que mira receloso su ascenso. Y no parece que sea un temor infundado.<\/strong><\/p>\n","protected":false},"excerpt":{"rendered":"<p>\u00bfQui\u00e9n teme a Podemos? \u00a0 Podemos irrumpi\u00f3 en el panorama pol\u00edtico con una fuerza indubitable en los \u00faltimos comicios europeos. Los resultados sorprendieron a muchos, los componentes del grupo emergente incluidos. Seguramente no esperaban que se alzaran con la victoria, que bien mirada lo es, en cuanto que consiguieron mucho m\u00e1s de un mill\u00f3n de [&hellip;]<\/p>\n","protected":false},"author":27495,"featured_media":0,"comment_status":"open","ping_status":"open","sticky":false,"template":"","format":"standard","meta":[],"categories":[18],"tags":[405,784,829],"_links":{"self":[{"href":"https:\/\/blogs.diariosur.es\/avuelapluma\/wp-json\/wp\/v2\/posts\/1807"}],"collection":[{"href":"https:\/\/blogs.diariosur.es\/avuelapluma\/wp-json\/wp\/v2\/posts"}],"about":[{"href":"https:\/\/blogs.diariosur.es\/avuelapluma\/wp-json\/wp\/v2\/types\/post"}],"author":[{"embeddable":true,"href":"https:\/\/blogs.diariosur.es\/avuelapluma\/wp-json\/wp\/v2\/users\/27495"}],"replies":[{"embeddable":true,"href":"https:\/\/blogs.diariosur.es\/avuelapluma\/wp-json\/wp\/v2\/comments?post=1807"}],"version-history":[{"count":0,"href":"https:\/\/blogs.diariosur.es\/avuelapluma\/wp-json\/wp\/v2\/posts\/1807\/revisions"}],"wp:attachment":[{"href":"https:\/\/blogs.diariosur.es\/avuelapluma\/wp-json\/wp\/v2\/media?parent=1807"}],"wp:term":[{"taxonomy":"category","embeddable":true,"href":"https:\/\/blogs.diariosur.es\/avuelapluma\/wp-json\/wp\/v2\/categories?post=1807"},{"taxonomy":"post_tag","embeddable":true,"href":"https:\/\/blogs.diariosur.es\/avuelapluma\/wp-json\/wp\/v2\/tags?post=1807"}],"curies":[{"name":"wp","href":"https:\/\/api.w.org\/{rel}","templated":true}]}}