{"id":1809,"date":"2014-09-15T12:05:23","date_gmt":"2014-09-15T10:05:23","guid":{"rendered":"http:\/\/blogs.diariosur.es\/avuelapluma\/?p=1809"},"modified":"2014-09-15T12:05:23","modified_gmt":"2014-09-15T10:05:23","slug":"alcaldes-elegidos-por-el-pueblo","status":"publish","type":"post","link":"https:\/\/blogs.diariosur.es\/avuelapluma\/2014\/09\/15\/alcaldes-elegidos-por-el-pueblo\/","title":{"rendered":"Alcaldes elegidos por el pueblo"},"content":{"rendered":"<p><img loading=\"lazy\" id=\"irc_mi\" src=\"\/\/www.diariosur.es\/noticias\/201407\/11\/media\/cortadas\/edu--575x323.jpg\" alt=\"\" width=\"495\" height=\"278\" \/><\/p>\n<p><strong>Presumo que en el titular que escojo para estas l\u00edneas encierra el meollo de la cuesti\u00f3n. De lo que se trata es de que a la hora de elegir un alcalde de una poblaci\u00f3n de mayor o menor envergadura, sean los ciudadanos de a pie quienes decidan. En otras palabras, que los pol\u00edticos queden en segundo plano y sea la vecindad quien ocupen el primer lugar llegada la hora de a cercarse a las urnas para decidir a los que \u00a0han de regir su destino en un periodo de cuatro a\u00f1os. <\/strong><\/p>\n<p><strong>\u00a0\u00a0 O sea, elecci\u00f3n directa, que es lo que propugna el presidente del Gobierno y sus incondicionales del partido. Naturalmente, como no pod\u00eda ser de otro modo, \u00a0le han saltado a la yugular tanto el PSOE (curiosamente defendi\u00f3 la misma propuesta a capa y espada en su programa electoral en a\u00f1os cuando acariciaba el poder, a\u00f1o 2004) como alguno de los partidos emergentes, caso de Podemos (que no oculta sus proclamas de que los pol\u00edticos se acerquen al pueblo y no echen en saco roto sus anhelos, con lo que no se puede dejar de ver una flagrante discordancia).<\/strong><\/p>\n<p><strong>\u00a0\u00a0 De aprobarse esta ley, que vendr\u00eda a reformar lo que prescribe la Constituci\u00f3n al respecto (art\u00edculo 140: la elecci\u00f3n de los alcaldes la har\u00e1n los concejales o los vecinos) se sabr\u00eda el nombre del alcalde (o de los dos alcaldes aspirantes, si se exige una segunda vuelta) en el mismo momento en culmine el recuento de votos sobre la consulta. <\/strong><\/p>\n<p><strong>\u00a0 Se acabar\u00e1 as\u00ed con los concili\u00e1bulos y camarillas\u00a0 en los despachos en los que unos pocos eligen a aqu\u00e9l que ha de ostentar la vara de mando durante los pr\u00f3ximos cuatro a\u00f1os d\u00e1ndoles las espaldas al electorado, ajeno a los pactos hasta que no se hacen p\u00fablicos, y que no pocas veces proclaman el \u00a0descontento y el rechinar de dientes. <\/strong><\/p>\n<p><strong>\u00a0\u00a0 No es que se proscriban los pactos, pero a condici\u00f3n de que se establezcan antes y no despu\u00e9s de consumados los comicios, o sea a toro pasado. Para que el desencanto no aflore en el rostro de quienes decidieron ejercer su sacrosanto derecho al voto y se vean burlados en sus intenciones.<\/strong><\/p>\n","protected":false},"excerpt":{"rendered":"<p>Presumo que en el titular que escojo para estas l\u00edneas encierra el meollo de la cuesti\u00f3n. De lo que se trata es de que a la hora de elegir un alcalde de una poblaci\u00f3n de mayor o menor envergadura, sean los ciudadanos de a pie quienes decidan. En otras palabras, que los pol\u00edticos queden en [&hellip;]<\/p>\n","protected":false},"author":27495,"featured_media":0,"comment_status":"open","ping_status":"open","sticky":false,"template":"","format":"standard","meta":[],"categories":[3],"tags":[65,403,866],"_links":{"self":[{"href":"https:\/\/blogs.diariosur.es\/avuelapluma\/wp-json\/wp\/v2\/posts\/1809"}],"collection":[{"href":"https:\/\/blogs.diariosur.es\/avuelapluma\/wp-json\/wp\/v2\/posts"}],"about":[{"href":"https:\/\/blogs.diariosur.es\/avuelapluma\/wp-json\/wp\/v2\/types\/post"}],"author":[{"embeddable":true,"href":"https:\/\/blogs.diariosur.es\/avuelapluma\/wp-json\/wp\/v2\/users\/27495"}],"replies":[{"embeddable":true,"href":"https:\/\/blogs.diariosur.es\/avuelapluma\/wp-json\/wp\/v2\/comments?post=1809"}],"version-history":[{"count":0,"href":"https:\/\/blogs.diariosur.es\/avuelapluma\/wp-json\/wp\/v2\/posts\/1809\/revisions"}],"wp:attachment":[{"href":"https:\/\/blogs.diariosur.es\/avuelapluma\/wp-json\/wp\/v2\/media?parent=1809"}],"wp:term":[{"taxonomy":"category","embeddable":true,"href":"https:\/\/blogs.diariosur.es\/avuelapluma\/wp-json\/wp\/v2\/categories?post=1809"},{"taxonomy":"post_tag","embeddable":true,"href":"https:\/\/blogs.diariosur.es\/avuelapluma\/wp-json\/wp\/v2\/tags?post=1809"}],"curies":[{"name":"wp","href":"https:\/\/api.w.org\/{rel}","templated":true}]}}