{"id":1811,"date":"2014-09-18T11:35:28","date_gmt":"2014-09-18T09:35:28","guid":{"rendered":"http:\/\/blogs.diariosur.es\/avuelapluma\/?p=1811"},"modified":"2014-09-18T11:35:28","modified_gmt":"2014-09-18T09:35:28","slug":"el-pp-tras-los-votos-emigrados","status":"publish","type":"post","link":"https:\/\/blogs.diariosur.es\/avuelapluma\/2014\/09\/18\/el-pp-tras-los-votos-emigrados\/","title":{"rendered":"El PP tras los votos emigrados"},"content":{"rendered":"<p><img loading=\"lazy\" id=\"irc_ilrp_mut\" src=\"https:\/\/encrypted-tbn2.gstatic.com\/images?q=tbn:ANd9GcTRoEtQlgJRpZuEJZTtelIJCs4wG8X9YiaynAYRJka6qiBIPeAyWqd6D7E\" alt=\"\" width=\"495\" height=\"278\" data-height=\"394\" data-width=\"495\" \/><\/p>\n<p><strong>Las citas electorales de 2015 que est\u00e1n a la vuelta de la esquina obligan. El partido que hoy rige nuestros destinos y cuyos postulados germinan y florecen en\u00a0 la sede de la madrile\u00f1a calle de G\u00e9nova, 13, decidi\u00f3 propugnar reformas\u00a0 vigentes en el ordenamiento legislativo y postergar leyes que ya obtuvieron el benepl\u00e1cito en sede parlamentaria. <\/strong><\/p>\n<p><strong>\u00a0\u00a0 Proclama que en los pueblos y ciudades del pa\u00eds ser\u00e1n alcaldes los que encabecen las listas m\u00e1s votadas, exige la reducci\u00f3n de los aforados (de m\u00e1s de 17.000 pasar\u00e1n a solo 22(los Reyes, los presidentes del Congreso y el Senado y los de las Comunidades Aut\u00f3nomas, el ministro Alberto Ruiz Gallardon, dixit), y se aplaza `sine die\u00b4 la ley del aborto, \u00a0cuyo proyecto \u00a0el responsable de Justicia sac\u00f3 adelante en la C\u00e1mara Baja, apunt\u00e1ndonse un notable tanto a su favor.Ahora anda el hombre cariacontecido porque el imperturbable Rajoy, que jam\u00e1s echa en saco roto las proposiciones de su mentor Pedro Arriola, teme que esta \u00faltima propuesta mine a\u00fan m\u00e1s la de por si ya erosionada cantera de votos.<\/strong><\/p>\n<p><strong>Esta cuesti\u00f3n \u00faltima sin embargo no es de f\u00e1cil resoluci\u00f3n. De salir adelante la multitud de quienes\u00a0 abogaron\u00a0 a voz en grito por el aborto,\u00a0 que se confund\u00eda con la libertad de la mujer para decidir sobre su vida seg\u00fan la doctrina que perge\u00f1\u00f3 la exministra\u00a0 socialista Bibiana A\u00eddo a\u00f1os atr\u00e1s de infausta memoria,\u00a0 no cabe la menor duda de que le sumar\u00e1 algunos votos tal vez de una izquierda que no comulga con una \u00a0decisi\u00f3n contraria. <\/strong><\/p>\n<p><strong>\u00a0\u00a0 Pero lo que\u00a0 parece incuestionable es que los perder\u00e1 a raudales los provenientes de los sectores tradicionalmente conservadores que esgrimen el derecho a la vida de los nasciturus. \u00bfC\u00f3mo contentar a unos y otros? <em>That\u00b4s de question,<\/em> que dijo el personaje shaquesperiano sumido en un mar de dudas existenciales. O sea, en romance paladino \u00bfQu\u00e9 se ha de hacer? Dif\u00edcil lo tienen.<\/strong><\/p>\n<p><strong>\u00a0\u00a0 La lucha por la recuperaci\u00f3n del voto emigrado, algo que se hizo palmario en los comicios europeos \u00faltimos, es una ingente labor en la que los peperos se hayan sumidos. Tendr\u00e1n que hilar muy fino para hacer \u00a0a los que huyeron en desbanda que vuelvan al redil. De ah\u00ed que no extra\u00f1a que desentierren antiguas\u00a0 propuestas y anuncien o aparquen otras a conveniencia. \u201cDa el sartenazo, quien tiene la sart\u00e9n por el mango\u201d, que dicen en la Serran\u00eda de Ronda los viejos del lugar.<\/strong><\/p>\n<p><strong>\u00a0 <\/strong><\/p>\n<p>&nbsp;<\/p>\n<p>&nbsp;<\/p>\n<p><strong>\u00a0<\/strong><\/p>\n<p><strong>\u00a0<\/strong><\/p>\n<p><strong>\u00a0<\/strong><\/p>\n<p>&nbsp;<\/p>\n","protected":false},"excerpt":{"rendered":"<p>Las citas electorales de 2015 que est\u00e1n a la vuelta de la esquina obligan. El partido que hoy rige nuestros destinos y cuyos postulados germinan y florecen en\u00a0 la sede de la madrile\u00f1a calle de G\u00e9nova, 13, decidi\u00f3 propugnar reformas\u00a0 vigentes en el ordenamiento legislativo y postergar leyes que ya obtuvieron el benepl\u00e1cito en sede [&hellip;]<\/p>\n","protected":false},"author":27495,"featured_media":0,"comment_status":"open","ping_status":"open","sticky":false,"template":"","format":"standard","meta":[],"categories":[3],"tags":[245,839,1070],"_links":{"self":[{"href":"https:\/\/blogs.diariosur.es\/avuelapluma\/wp-json\/wp\/v2\/posts\/1811"}],"collection":[{"href":"https:\/\/blogs.diariosur.es\/avuelapluma\/wp-json\/wp\/v2\/posts"}],"about":[{"href":"https:\/\/blogs.diariosur.es\/avuelapluma\/wp-json\/wp\/v2\/types\/post"}],"author":[{"embeddable":true,"href":"https:\/\/blogs.diariosur.es\/avuelapluma\/wp-json\/wp\/v2\/users\/27495"}],"replies":[{"embeddable":true,"href":"https:\/\/blogs.diariosur.es\/avuelapluma\/wp-json\/wp\/v2\/comments?post=1811"}],"version-history":[{"count":0,"href":"https:\/\/blogs.diariosur.es\/avuelapluma\/wp-json\/wp\/v2\/posts\/1811\/revisions"}],"wp:attachment":[{"href":"https:\/\/blogs.diariosur.es\/avuelapluma\/wp-json\/wp\/v2\/media?parent=1811"}],"wp:term":[{"taxonomy":"category","embeddable":true,"href":"https:\/\/blogs.diariosur.es\/avuelapluma\/wp-json\/wp\/v2\/categories?post=1811"},{"taxonomy":"post_tag","embeddable":true,"href":"https:\/\/blogs.diariosur.es\/avuelapluma\/wp-json\/wp\/v2\/tags?post=1811"}],"curies":[{"name":"wp","href":"https:\/\/api.w.org\/{rel}","templated":true}]}}