{"id":1813,"date":"2014-09-20T12:44:27","date_gmt":"2014-09-20T10:44:27","guid":{"rendered":"http:\/\/blogs.diariosur.es\/avuelapluma\/?p=1813"},"modified":"2014-09-20T12:44:27","modified_gmt":"2014-09-20T10:44:27","slug":"benaojan-otra-vez-en-la-controversia","status":"publish","type":"post","link":"https:\/\/blogs.diariosur.es\/avuelapluma\/2014\/09\/20\/benaojan-otra-vez-en-la-controversia\/","title":{"rendered":"Benaoj\u00e1n otra vez en la controversia"},"content":{"rendered":"<p><strong><br \/>\n<\/strong><\/p>\n<p><strong>\u00a0<img loading=\"lazy\" src=\"\/\/benaolla.files.wordpress.com\/2014\/09\/soralla.jpg?w=313&#038;h=237\" alt=\"soralla\" width=\"313\" height=\"237\" \/><\/strong><\/p>\n<p><strong>En honor a la verdad hay que admitir que si se habla en estos d\u00edas de Benaoj\u00e1n no es porque los convecinos sean objeto de controversias. Los dardos de la cr\u00edtica se dirigen directamente hacia su alcalde, Paco G\u00f3mez, que no es la primera vez que suscita la animadversi\u00f3n de buena parte de la poblaci\u00f3n, convenientemente orquestada por la oposici\u00f3n socialista encabezada por quien ostenta la portavoc\u00eda\u00a0 de esta formaci\u00f3n pol\u00edtica, a saber, Soraya Garc\u00eda, la cual no acostumbra a tener pelillos en la lengua cuando de lo que se trata es de airear el comportamiento del edil en el desarrollo de sus funciones consistoriales. <\/strong><\/p>\n<p><strong>\u00a0\u00a0\u00a0 Los rifirrafes entre el regidor y la opositora no cesan y ya se habl\u00f3 hasta la saciedad, \u00a0por citar uno de los episodios m\u00e1s recientes en el pugilato que viene muy de atr\u00e1s, de la contumacia de G\u00f3mez en fumar en los plenos contra el parecer de la socialista, quien puso el grito en el cielo por este preceder, que bien mirado, no deja de ser arbitrario y nada plausible.<\/strong><\/p>\n<p><strong>\u00a0\u00a0 Lo que Soraya Garc\u00eda recrimina ahora al primer edil es que se haya saltado a la torera en un pleno del pasado agosto un par de asuntos, entre otros, que se consideraban de suma importancia para el pueblo, a saber, la bajada del IBI, que la vecindad considera excesivo \u2013 como vecino y propietario de inmuebles puedo far fe de ello &#8211; \u00a0y un supuesto reparto del Banco de Alimentos que se cree arbitrario. Ambas cuestiones fueron, al parecer, \u201cvetados a votaci\u00f3n\u201d, una decisi\u00f3n que encresp\u00f3 los \u00e1nimos de la portavoz socialista y que la llev\u00f3 a interponer una demanda\u00a0 que judicialmente acab\u00f3 con darle la raz\u00f3n, \u00a0pero que no fue \u00f3bice para que G\u00f3mez la recurriese con celeridad.<\/strong><\/p>\n<p><strong>\u00a0\u00a0 El contencioso administrativo termin\u00f3 por dar la raz\u00f3n a la parte querellante y obliga al alcalde a rectificar. Otra cosa que es que se muestre o no renuente a aceptar la decisi\u00f3n, \u00a0que\u00a0 no es persona que se amilane f\u00e1cilmente, de ah\u00ed su recurso elevado a las instancias correspondientes (con el gasto notorio que eso conlleva).<\/strong><\/p>\n<p><strong>\u00a0\u00a0 Los socialistas, los locales y los provinciales, se han mostrado duros contra la actitud del regidor y no han dudado en esgrimir \u00e1speras argumentaciones sobre su proceder y manera de conducir los destinos del pueblo.<\/strong><\/p>\n<p><strong><em>\u00a0 Dura lex sed lex, <\/em><em>que dec\u00edan los latinos, y que traducimos libremente \u00a0por Dura ley pero ley. Toca acatarla m\u00e1s all\u00e1 de los encontronazos de los pol\u00edticos de turno. L\u00e1stima que se hable de Benaoj\u00e1n por estas cuestiones y se obvien otras que s\u00ed nos gustar\u00eda que saliesen a la palestra y que nos encrespen el sentir ciudadano.<\/em><\/strong><\/p>\n<p>Foto: Soraya Garc\u00eda en una de sus intervenciones ene el pleno<\/p>\n<p>&nbsp;<\/p>\n<p><strong>\u00a0<\/strong><\/p>\n","protected":false},"excerpt":{"rendered":"<p>\u00a0 En honor a la verdad hay que admitir que si se habla en estos d\u00edas de Benaoj\u00e1n no es porque los convecinos sean objeto de controversias. Los dardos de la cr\u00edtica se dirigen directamente hacia su alcalde, Paco G\u00f3mez, que no es la primera vez que suscita la animadversi\u00f3n de buena parte de la [&hellip;]<\/p>\n","protected":false},"author":27495,"featured_media":0,"comment_status":"open","ping_status":"open","sticky":false,"template":"","format":"standard","meta":[],"categories":[8],"tags":[136,822,985],"_links":{"self":[{"href":"https:\/\/blogs.diariosur.es\/avuelapluma\/wp-json\/wp\/v2\/posts\/1813"}],"collection":[{"href":"https:\/\/blogs.diariosur.es\/avuelapluma\/wp-json\/wp\/v2\/posts"}],"about":[{"href":"https:\/\/blogs.diariosur.es\/avuelapluma\/wp-json\/wp\/v2\/types\/post"}],"author":[{"embeddable":true,"href":"https:\/\/blogs.diariosur.es\/avuelapluma\/wp-json\/wp\/v2\/users\/27495"}],"replies":[{"embeddable":true,"href":"https:\/\/blogs.diariosur.es\/avuelapluma\/wp-json\/wp\/v2\/comments?post=1813"}],"version-history":[{"count":0,"href":"https:\/\/blogs.diariosur.es\/avuelapluma\/wp-json\/wp\/v2\/posts\/1813\/revisions"}],"wp:attachment":[{"href":"https:\/\/blogs.diariosur.es\/avuelapluma\/wp-json\/wp\/v2\/media?parent=1813"}],"wp:term":[{"taxonomy":"category","embeddable":true,"href":"https:\/\/blogs.diariosur.es\/avuelapluma\/wp-json\/wp\/v2\/categories?post=1813"},{"taxonomy":"post_tag","embeddable":true,"href":"https:\/\/blogs.diariosur.es\/avuelapluma\/wp-json\/wp\/v2\/tags?post=1813"}],"curies":[{"name":"wp","href":"https:\/\/api.w.org\/{rel}","templated":true}]}}