{"id":1821,"date":"2014-10-04T12:30:04","date_gmt":"2014-10-04T10:30:04","guid":{"rendered":"http:\/\/blogs.diariosur.es\/avuelapluma\/?p=1821"},"modified":"2014-10-04T12:30:04","modified_gmt":"2014-10-04T10:30:04","slug":"versos-melancolicos","status":"publish","type":"post","link":"https:\/\/blogs.diariosur.es\/avuelapluma\/2014\/10\/04\/versos-melancolicos\/","title":{"rendered":"Versos melanc\u00f3licos"},"content":{"rendered":"<p>Se reafirma el oto\u00f1o pese a que los calores se aferran como la hiedra al tronco tanto cerca del mar como de la monta\u00f1a. Una terquedad que solo ser\u00e1 de d\u00edas: amanece m\u00e1s tarde y la noche aligera su paso para salirnos al encuentro. D\u00edas cortos y tardes ins\u00edpidas: el \u00e1nimo de alicorta y todo a nuestro alrededor muestra repentinamente un cariz m\u00e1s sombr\u00edo, como desalentador. Son d\u00edas para la melancol\u00eda o el recuerdo. Husmeando entre mis papeles me encuentro algunos versos que en su d\u00eda perge\u00f1\u00e9 pero que permanecieron olvidados luengos a\u00f1os. Desempolvados los ir\u00e9 dando a luz por si alg\u00fan lector juzga perder unos instantes en su lectura, que ahora es tiempo para volver con el recuerdo a tiempos pret\u00e9ritos.<\/p>\n<p><img loading=\"lazy\" src=\"https:\/\/encrypted-tbn2.gstatic.com\/images?q=tbn:ANd9GcSQkQr041NdopSx5zL4ULyqx7_bfCqyU9w6nUYRE582LBEJQRtY\" alt=\"\" width=\"276\" height=\"394\" \/><\/p>\n<p>&nbsp;<\/p>\n<p>GOYESCA Y ANTONIO ORD\u00d3\u00d1EZ<\/p>\n<p>RONDA toda es un \u00fanico hervor,<\/p>\n<p>y el sol casas se\u00f1oriales blanquea.<\/p>\n<p>En la calle una beldad\u00a0 coquetea<\/p>\n<p>\u00a1 Sus ojos verdes van pidiendo amor \u00a1<\/p>\n<p>Vino, toros, mujeres: esplendor.<\/p>\n<p>Un mozo pinturero donjuanea,<\/p>\n<p>a lomos de un cuatralbo\u00a0 al que espolea.<\/p>\n<p>La feria septembrina es\u00a0 puro hervor.<\/p>\n<p>En la plaza que un rey Borb\u00f3n dej\u00f3 hecha,<\/p>\n<p>Tres famosos diestros se han saludado<\/p>\n<p>La muerte en los toriles acecha.<\/p>\n<p>Del tendido\u00a0 alguien un suspiro ha lanzado,<\/p>\n<p>una oraci\u00f3n sube como una endecha<\/p>\n<p>por el gran maestro jam\u00e1s olvidado.<\/p>\n<p>&nbsp;<\/p>\n<p><img loading=\"lazy\" src=\"https:\/\/encrypted-tbn0.gstatic.com\/images?q=tbn:ANd9GcRcJ4Qgdrhj3Y9eR24j4NZzvIF7kBha66kcqwPbLrQnKTaFrETn\" alt=\"\" width=\"495\" height=\"236\" \/><\/p>\n<p>&nbsp;<\/p>\n<p>LA SERRAN\u00cdA, SIEMPRE<\/p>\n<p>No sobrecogen las abruptas sierras<\/p>\n<p>ni desaniman los tortuosos bosques.<\/p>\n<p>Las laderas pedregosas\u00a0 alientan<\/p>\n<p>a mil seres que perviven y mueren.<\/p>\n<p>Siempre ha sido as\u00ed, lo fue y se mantiene.<\/p>\n<p>Antes campearon\u00a0 los bandoleros<\/p>\n<p>Los que marcaron el mal en sus mientes,<\/p>\n<p>y los pr\u00f3vidos que todo lo dieron.<\/p>\n<p>Jacos con contrabandistas valientes<\/p>\n<p>de Gibraltar portaron el tabaco,<\/p>\n<p>a trote fiero o con\u00a0 pasos silentes<\/p>\n<p>por atajos, veredas y altozanos.<\/p>\n<p>Sobre sus c\u00faspides vuelan rapaces,<\/p>\n<p>el c\u00f3ndor y los buitres leonados,<\/p>\n<p>saltan\u00a0 \u00e1giles\u00a0 cabras montaraces<\/p>\n<p>y el lince de vivaces ojos pardos.<\/p>\n<p>La Serran\u00eda de Ronda agreste y brava,<\/p>\n<p>Cielo azul sobre fr\u00edos\u00a0 altozanos.<\/p>\n<p>&nbsp;<\/p>\n<p>CUEVA DEL GATO<\/p>\n<p>Mediod\u00eda. El sol en todo lo alto.<\/p>\n<p>En la fr\u00eda profundidad del charco<\/p>\n<p>desbandada de peces, plata huidiza,<\/p>\n<p>como leves palomas asustadas.<\/p>\n<p>Bochorno, quebr\u00f3 la brisa en la jara,<\/p>\n<p>y el silencio roto por el murmullo<\/p>\n<p>de la catarata y su burbujeo.<\/p>\n<p>Desnudo,\u00a0 respir\u00e9 la infinitud<\/p>\n<p>con la delectaci\u00f3n de un dios pagano.<\/p>\n<p>En m\u00ed mismo la plenitud del d\u00eda.<\/p>\n<p>La Creaci\u00f3n hab\u00eda empezado.<\/p>\n<p>Rompi\u00f3 mi cuerpo el espejo del agua.<\/p>\n<p>&nbsp;<\/p>\n<p>&nbsp;<\/p>\n","protected":false},"excerpt":{"rendered":"<p>Se reafirma el oto\u00f1o pese a que los calores se aferran como la hiedra al tronco tanto cerca del mar como de la monta\u00f1a. Una terquedad que solo ser\u00e1 de d\u00edas: amanece m\u00e1s tarde y la noche aligera su paso para salirnos al encuentro. D\u00edas cortos y tardes ins\u00edpidas: el \u00e1nimo de alicorta y todo [&hellip;]<\/p>\n","protected":false},"author":27495,"featured_media":0,"comment_status":"open","ping_status":"open","sticky":false,"template":"","format":"standard","meta":[],"categories":[21],"tags":[830,922,956],"_links":{"self":[{"href":"https:\/\/blogs.diariosur.es\/avuelapluma\/wp-json\/wp\/v2\/posts\/1821"}],"collection":[{"href":"https:\/\/blogs.diariosur.es\/avuelapluma\/wp-json\/wp\/v2\/posts"}],"about":[{"href":"https:\/\/blogs.diariosur.es\/avuelapluma\/wp-json\/wp\/v2\/types\/post"}],"author":[{"embeddable":true,"href":"https:\/\/blogs.diariosur.es\/avuelapluma\/wp-json\/wp\/v2\/users\/27495"}],"replies":[{"embeddable":true,"href":"https:\/\/blogs.diariosur.es\/avuelapluma\/wp-json\/wp\/v2\/comments?post=1821"}],"version-history":[{"count":0,"href":"https:\/\/blogs.diariosur.es\/avuelapluma\/wp-json\/wp\/v2\/posts\/1821\/revisions"}],"wp:attachment":[{"href":"https:\/\/blogs.diariosur.es\/avuelapluma\/wp-json\/wp\/v2\/media?parent=1821"}],"wp:term":[{"taxonomy":"category","embeddable":true,"href":"https:\/\/blogs.diariosur.es\/avuelapluma\/wp-json\/wp\/v2\/categories?post=1821"},{"taxonomy":"post_tag","embeddable":true,"href":"https:\/\/blogs.diariosur.es\/avuelapluma\/wp-json\/wp\/v2\/tags?post=1821"}],"curies":[{"name":"wp","href":"https:\/\/api.w.org\/{rel}","templated":true}]}}