{"id":1831,"date":"2014-10-14T12:15:05","date_gmt":"2014-10-14T10:15:05","guid":{"rendered":"http:\/\/blogs.diariosur.es\/avuelapluma\/?p=1831"},"modified":"2014-10-14T12:15:05","modified_gmt":"2014-10-14T10:15:05","slug":"el-ebola-esa-tragedia","status":"publish","type":"post","link":"https:\/\/blogs.diariosur.es\/avuelapluma\/2014\/10\/14\/el-ebola-esa-tragedia\/","title":{"rendered":"El \u00c9bola, esa tragedia"},"content":{"rendered":"<p><img src=\"\/\/resizer.diariosur.es\/resizer\/resizer.php?imagen=http%3A%2F%2Fwww.diariosur.es%2FRC%2F201410%2F13%2Fmedia%2Fcortadas%2Fdallas-ebola--660x371.JPG&#038;nuevoancho=235&#038;nuevoalto=132\" alt=\"\" \/><\/p>\n<p>El \u00c9bola, esa tragedia<\/p>\n<p>Malos vientos corren para la tan cacareada marca Espa\u00f1a. Quienes propugnan la independencia de Catalu\u00f1a siguen erre con erre con el ind\u00f3mito molt honorable Artur Mas a la cabeza con la a todas luces disparatada consulta, que pese a que no se transforme en una realidad est\u00e1 quebrantando los cimientos de la unidad de la naci\u00f3n espa\u00f1ola y desde luego el c\u00e1ustico desencuentro entre los que abrazan la secesi\u00f3n y los que se sienten al un\u00edsono catalanes y espa\u00f1oles. Ahora parece que el honorable recula,pero da su brazo a torcer ni mucho menos, aunque, eso s\u00ed, se encuenytre en la ciuerda floja de su carrera pol\u00edtica. Al tiempo.<\/p>\n<p>Por otra parte, llena de rabia y aumenta la desafecci\u00f3n hacia pol\u00edticos y sindicalistas la cuesti\u00f3n de las tarjetas \u201cblack\u201d, o sea negras como el holl\u00edn, de los desaprensivos, que a\u00fan obrando con legitimidad (incomprensible para la mayor\u00eda de los espa\u00f1olitos de a pie) tiraron de ellas sin ton ni son tanto para cantidades nimias o descompasadas; una afrenta a la ciudadan\u00eda tanto si se us\u00f3 para una forma u otra.<\/p>\n<p>Y gravitando sobre estas cuestiones que soliviantan y malquistan la tragedia del \u00c8bola, esa infecci\u00f3n hasta ahora letal que ha venido a morder Espa\u00f1a cuando el reguero de v\u00edctimas resulta imparable en las regiones africanas donde tom\u00f3 consistencia. Una tragedia que no ha dejado indiferente a nadie dando pies a pol\u00e9micas desaforadas y propiciando poco menos que una psicosis colectiva, alentada por la actuaci\u00f3n sanitaria en la que hubo garrafales fallos y la informaci\u00f3n a todas luces desacertada de los responsables pol\u00edticos que en su comparecencia en ning\u00fan momento estuvieron a la altura de las graves circunstancias del conflicto.<\/p>\n<p>Ha tenido que asomar su siniestro cariz a Europa y a Espa\u00f1a en concreto para que las industrias farmac\u00e9uticas que las cogen al vuelo se pongan a trabajar a destajo con el fin de que la vacuna que ataje la virulencia de la afecci\u00f3n sea un realidad a partir de 2015. Antes como que no era rentable crearla solo para el tercer mundo, importando un ardite las miles de desarrapados muertos que ha venido ocasionando. Pero el nuevo continente, rico y poderoso, es otra cosa. Aqu\u00ed la compra de la vacuna es segura con lo que las ganancias est\u00e1n aseguradas.<\/p>\n<p>Es lamentable que tenga que ser as\u00ed, pero poderoso amigo es don dinero. El mundo es cada vez m\u00e1s un pa\u00f1uelo y nadie se puede considerar a salvo de penurias y tragedias ocurran donde ocurran. Pero \u00e9sto es algo que siempre se ha obviado y es una sinraz\u00f3n que siga ocurriendo. Todos navegamos en el mismo barco y a todos toca remar en la misma direcci\u00f3n. A ver si se aprende.<\/p>\n","protected":false},"excerpt":{"rendered":"<p>El \u00c9bola, esa tragedia Malos vientos corren para la tan cacareada marca Espa\u00f1a. Quienes propugnan la independencia de Catalu\u00f1a siguen erre con erre con el ind\u00f3mito molt honorable Artur Mas a la cabeza con la a todas luces disparatada consulta, que pese a que no se transforme en una realidad est\u00e1 quebrantando los cimientos de [&hellip;]<\/p>\n","protected":false},"author":27495,"featured_media":0,"comment_status":"open","ping_status":"open","sticky":false,"template":"","format":"standard","meta":[],"categories":[3],"tags":[387,659,1043],"_links":{"self":[{"href":"https:\/\/blogs.diariosur.es\/avuelapluma\/wp-json\/wp\/v2\/posts\/1831"}],"collection":[{"href":"https:\/\/blogs.diariosur.es\/avuelapluma\/wp-json\/wp\/v2\/posts"}],"about":[{"href":"https:\/\/blogs.diariosur.es\/avuelapluma\/wp-json\/wp\/v2\/types\/post"}],"author":[{"embeddable":true,"href":"https:\/\/blogs.diariosur.es\/avuelapluma\/wp-json\/wp\/v2\/users\/27495"}],"replies":[{"embeddable":true,"href":"https:\/\/blogs.diariosur.es\/avuelapluma\/wp-json\/wp\/v2\/comments?post=1831"}],"version-history":[{"count":0,"href":"https:\/\/blogs.diariosur.es\/avuelapluma\/wp-json\/wp\/v2\/posts\/1831\/revisions"}],"wp:attachment":[{"href":"https:\/\/blogs.diariosur.es\/avuelapluma\/wp-json\/wp\/v2\/media?parent=1831"}],"wp:term":[{"taxonomy":"category","embeddable":true,"href":"https:\/\/blogs.diariosur.es\/avuelapluma\/wp-json\/wp\/v2\/categories?post=1831"},{"taxonomy":"post_tag","embeddable":true,"href":"https:\/\/blogs.diariosur.es\/avuelapluma\/wp-json\/wp\/v2\/tags?post=1831"}],"curies":[{"name":"wp","href":"https:\/\/api.w.org\/{rel}","templated":true}]}}