{"id":1836,"date":"2014-10-17T11:50:56","date_gmt":"2014-10-17T09:50:56","guid":{"rendered":"http:\/\/blogs.diariosur.es\/avuelapluma\/?p=1836"},"modified":"2014-10-17T11:50:56","modified_gmt":"2014-10-17T09:50:56","slug":"jose-manuel-dorado-una-vocacion-truncada","status":"publish","type":"post","link":"https:\/\/blogs.diariosur.es\/avuelapluma\/2014\/10\/17\/jose-manuel-dorado-una-vocacion-truncada\/","title":{"rendered":"Jos\u00e9 Manuel Dorado, una vocaci\u00f3n truncada"},"content":{"rendered":"<p align=\"JUSTIFY\"><strong>Jos\u00e9 Manuel Dorado, una vocaci\u00f3n truncada<\/strong><\/p>\n<p align=\"JUSTIFY\">\u00a0<img loading=\"lazy\" src=\"https:\/\/encrypted-tbn1.gstatic.com\/images?q=tbn:ANd9GcRDdBWW9RAvDHfDuEpKxKT-O_XWPIp5NT2g850ynLSTunsj7Ucm6w\" alt=\"\" width=\"495\" height=\"371\" \/><\/p>\n<p align=\"JUSTIFY\"><strong>El proyecto de la editorial ronde\u00f1a La Serran\u00eda, que fue fecundo y consistente se derrumba como un castillo de naipes. No parece que haya acuerdo entre las partes que constituyeron la sociedad y la disoluci\u00f3n se barrunta pr\u00f3xima e irrevocable. Una l\u00e1stima, por cuanto que Ronda se queda sin una voz que, merced a los libros que en ella se editaron, se alz\u00f3 alta y clara catapultando a los cuatro vientos cu\u00e1nto de inter\u00e9s ofrec\u00eda Ronda y los pueblos de su entorno. Se quebr\u00f3 la voz, se silenci\u00f3 la sociedad editora y todos hemos salido perdiendo algo en la ruptura de quienes pusieron en pie la empresa. No remonta el vuelo<\/strong><\/p>\n<p align=\"JUSTIFY\"><strong>Pusieron una Pica en Flandes, entendi\u00e9ndose por tal afirmaci\u00f3n que irrumpieron en el mercado librero andaluz y nacional con edad muy temprana capitaneando una empresa familiar que acab\u00f3 siendo coronada por el \u00e9xito, con el m\u00e9rito a\u00f1adido de escasos medios econ\u00f3micos y materiales y poca o ninguna ayuda estatal o auton\u00f3mica. Pero supieron fundar con cierto una editorial en Ronda, tras algunos, pocos, escarceos como editores en Benaoj\u00e1n, despu\u00e9s de que Jos\u00e9 Manuel e Isabel, su colaboradora, contrajeran matrimonio, ambos haciendo gala de un esp\u00edritu tenaz que habr\u00eda de reportarles beneficios y satisfacciones personales.<\/strong><\/p>\n<p align=\"JUSTIFY\"><strong>Fueron comienzos duros pero el car\u00e1cter emprendedor de Jos\u00e9 Manuel Dorado y su pareja, quienes hicieron de tripas coraz\u00f3n pudieron con las dificultades de los primeros tiempos y las que vendr\u00edan despu\u00e9s, que no todo fue un camino de rosas. No fue tarea f\u00e1cil poner en pie una editorial \u2013 La Serran\u00eda &#8211; en una ciudad de provincias donde jam\u00e1s ninguna experiencia de ese estilo hab\u00eda cuajado por lo menos con un resultado tan positivo como alentador. <\/strong><\/p>\n<p align=\"JUSTIFY\"><strong>Pero el matrimonio dio pronto muestras de un buen hacer en una entidad dedicada a la publicaci\u00f3n y distribuci\u00f3n de libros que muy pronto se resalt\u00f3 como mod\u00e9lica. Como muestra un bot\u00f3n: la empresa familiar fue reconocida por el mismo rey don Juan Carlos, quien, a\u00f1os atr\u00e1s, le otorg\u00f3 a Jos\u00e9 Manuel una distinci\u00f3n honor\u00edfica en un acto en el que adem\u00e1s participaron otros ronde\u00f1os ilustres que destacaron en diferentes esferas de la cultura y el saber local.<\/strong><\/p>\n<p align=\"JUSTIFY\"><strong>Hace pocos meses se cerraron las puertas de la editorial, cuando nadie lo esperaba. Cesaron los trabajos de impresi\u00f3n, enmudecieron las linotipias, en el taller donde la letra impresa toma cuerpo y desemboca en la forma definitiva de un libro despu\u00e9s de un largo proceso de correcciones no hay sino un sepulcral silencio; dise\u00f1os y maquetaci\u00f3n duermen el sue\u00f1o de los justos y m\u00e1rketing y distribuci\u00f3n cesaron: el proceso de edici\u00f3n se detuvo <em>sine d\u00eda<\/em>, cuando parec\u00eda que el viento soplaba a favor de la empresa familiar. <\/strong><\/p>\n<p align=\"JUSTIFY\"><strong>De por medio un desencuentro de los fundadores en el que no entramos ni salimos sino es para deplorar el cese de una actividad que tanto bien ha reportado para el conocimiento de Ronda y la Serran\u00eda en todos y cada uno de sus m\u00faltiples aspectos: monumentos naturales o debidos a la mano del hombre, paisaje, flora y fauna, tradiciones y leyendas, orograf\u00eda y medio ambiente, gastronom\u00eda y especies vegetales aut\u00f3ctonas&#8230;<\/strong><\/p>\n<p align=\"JUSTIFY\"><strong>\u00bfQui\u00e9n recoger\u00e1 la antorcha? \u00bfHabr\u00e1 en Ronda capaz de poner en pie una editorial como La Serran\u00eda que tantos \u00e9xitos cosech\u00f3 en su trayectoria de varias <\/strong><\/p>\n<p align=\"JUSTIFY\"><strong>d\u00e9cadas? Es lo que est\u00e1 por ver. Los autores habituales de la editorial, desarbolados, intentan editar por su cuenta los libros que hasta hace pocos meses entregaban a la entidad editora que se encarg\u00f3 de darles formas y catapultarlos a buena parte de la Pen\u00ednsula. Un poco hu\u00e9rfanos tratan de suplir como buenamente pueden la labor de dar a la luz aquellas obras que la editorial se encargaba de ultimar y poner en circulaci\u00f3n con probada eficacia.<\/strong><\/p>\n<p align=\"JUSTIFY\"><strong>Jos\u00e9 Manuel, truncada su vocaci\u00f3n de editor, y en espera de que la fortuna le vuelva a sonre\u00edr permiti\u00e9ndole hacer aquello que le gusta, mata su tiempo libre y distrae la mente en duras faenas de campo, as\u00ed lo afirma. Tal vez piense que los libros, como la tierra, se muestran fecundos para los que los trabajan o trabajaron y que suelen dar ciento por uno si a ellos hay quienes se dedicaron con entusiasmo y pasi\u00f3n. <\/strong><\/p>\n<p align=\"JUSTIFY\">\n<p align=\"JUSTIFY\">\n<p align=\"JUSTIFY\">\n<p align=\"JUSTIFY\">\n<p align=\"JUSTIFY\">\n<p align=\"JUSTIFY\">\n<p align=\"JUSTIFY\">\n","protected":false},"excerpt":{"rendered":"<p>Jos\u00e9 Manuel Dorado, una vocaci\u00f3n truncada \u00a0 El proyecto de la editorial ronde\u00f1a La Serran\u00eda, que fue fecundo y consistente se derrumba como un castillo de naipes. No parece que haya acuerdo entre las partes que constituyeron la sociedad y la disoluci\u00f3n se barrunta pr\u00f3xima e irrevocable. Una l\u00e1stima, por cuanto que Ronda se queda [&hellip;]<\/p>\n","protected":false},"author":27495,"featured_media":0,"comment_status":"open","ping_status":"open","sticky":false,"template":"","format":"standard","meta":[],"categories":[21],"tags":[390,603,618],"_links":{"self":[{"href":"https:\/\/blogs.diariosur.es\/avuelapluma\/wp-json\/wp\/v2\/posts\/1836"}],"collection":[{"href":"https:\/\/blogs.diariosur.es\/avuelapluma\/wp-json\/wp\/v2\/posts"}],"about":[{"href":"https:\/\/blogs.diariosur.es\/avuelapluma\/wp-json\/wp\/v2\/types\/post"}],"author":[{"embeddable":true,"href":"https:\/\/blogs.diariosur.es\/avuelapluma\/wp-json\/wp\/v2\/users\/27495"}],"replies":[{"embeddable":true,"href":"https:\/\/blogs.diariosur.es\/avuelapluma\/wp-json\/wp\/v2\/comments?post=1836"}],"version-history":[{"count":0,"href":"https:\/\/blogs.diariosur.es\/avuelapluma\/wp-json\/wp\/v2\/posts\/1836\/revisions"}],"wp:attachment":[{"href":"https:\/\/blogs.diariosur.es\/avuelapluma\/wp-json\/wp\/v2\/media?parent=1836"}],"wp:term":[{"taxonomy":"category","embeddable":true,"href":"https:\/\/blogs.diariosur.es\/avuelapluma\/wp-json\/wp\/v2\/categories?post=1836"},{"taxonomy":"post_tag","embeddable":true,"href":"https:\/\/blogs.diariosur.es\/avuelapluma\/wp-json\/wp\/v2\/tags?post=1836"}],"curies":[{"name":"wp","href":"https:\/\/api.w.org\/{rel}","templated":true}]}}