{"id":1838,"date":"2014-10-21T13:25:22","date_gmt":"2014-10-21T11:25:22","guid":{"rendered":"http:\/\/blogs.diariosur.es\/avuelapluma\/?p=1838"},"modified":"2014-10-21T13:25:22","modified_gmt":"2014-10-21T11:25:22","slug":"haikus","status":"publish","type":"post","link":"https:\/\/blogs.diariosur.es\/avuelapluma\/2014\/10\/21\/haikus\/","title":{"rendered":"HAIKUS"},"content":{"rendered":"<h1><\/h1>\n<p>Los haicus son versos breves y proceden de la poes\u00eda japonesa.<\/p>\n<p>Captan la brevedad del momento, el fugaz<\/p>\n<p>rel\u00e1mpago que en nuestro \u00e1nimo provocan un paisaje o un estado an\u00edmico.<\/p>\n<p>Estos que siguen me lo provocaron la estaci\u00f3n oto\u00f1al que ahora<\/p>\n<p>empieza y que vivo sumido en la calma de la serran\u00eda de Ronda.<\/p>\n<p><img loading=\"lazy\" id=\"irc_ilrp_mut\" src=\"https:\/\/encrypted-tbn2.gstatic.com\/images?q=tbn:ANd9GcS2J-yL1AaVZ21pEUP2WZ_ZALsqSzHCAgB7rk7prQlfiVp4cfCjDHzWt1s-\" alt=\"\" width=\"495\" height=\"309\" data-height=\"393\" data-width=\"495\" \/><\/p>\n<p>&nbsp;<\/p>\n<p><span style=\"font-size: medium;\">Soplo de oto\u00f1o.<\/span><\/p>\n<p><span style=\"font-size: medium;\">El huerto desahucia<\/span><\/p>\n<p><span style=\"font-size: medium;\">a charlatanes.<\/span><\/p>\n<p><span style=\"font-size: medium;\">*<\/span><\/p>\n<p><span style=\"font-size: medium;\">Cerca del r\u00edo<\/span><\/p>\n<p><span style=\"font-size: medium;\">en las noches calladas<\/span><\/p>\n<p><span style=\"font-size: medium;\">pastan estrellas.<\/span><\/p>\n<p><span style=\"font-size: medium;\">*<\/span><\/p>\n<p><span style=\"font-size: medium;\">Cuerpos desnudos.<\/span><\/p>\n<p><span style=\"font-size: medium;\">La batalla del amor<\/span><\/p>\n<p><span style=\"font-size: medium;\">sembr\u00f3 esculturas.<\/span><\/p>\n<p>&nbsp;<\/p>\n<p><span style=\"font-size: medium;\">*<\/span><\/p>\n<p><span style=\"font-size: medium;\">\u00bfQuisiste una vez<\/span><\/p>\n<p><span style=\"font-size: medium;\">detenerlo? El tiempo<\/span><\/p>\n<p><span style=\"font-size: medium;\">corcel sin bridas.<\/span><\/p>\n<p><span style=\"font-size: medium;\">*<\/span><\/p>\n<p><span style=\"font-size: medium;\">El viejo \u00e1lamo<\/span><\/p>\n<p><span style=\"font-size: medium;\">ense\u00f1a compostura<\/span><\/p>\n<p><span style=\"font-size: medium;\">al jovial r\u00edo.<\/span><\/p>\n<p><span style=\"font-size: medium;\">*<\/span><\/p>\n<p><span style=\"font-size: medium;\">Nidos de estrellas<\/span><\/p>\n<p><span style=\"font-size: medium;\">sobre ellos se posaron<\/span><\/p>\n<p><span style=\"font-size: medium;\">sue\u00f1os nocturnos.<\/span><\/p>\n<p><span style=\"font-size: medium;\">*<\/span><\/p>\n<p><span style=\"font-size: medium;\">Terral rebelde<\/span><\/p>\n<p><span style=\"font-size: medium;\">M\u00e1laga antec\u00e1mara <\/span><\/p>\n<p><span style=\"font-size: medium;\">de atroz infierno.<\/span><\/p>\n<p>&nbsp;<\/p>\n<p><span style=\"font-size: medium;\">*<\/span><\/p>\n<p>&nbsp;<\/p>\n<p><span style=\"font-size: medium;\">Amaneci\u00f3<\/span><\/p>\n<p><span style=\"font-size: medium;\">Un hatajo de estrellas <\/span><\/p>\n<p><span style=\"font-size: medium;\">Hacia el redil <\/span><\/p>\n<p><span style=\"font-size: medium;\">*<\/span><\/p>\n<p>&nbsp;<\/p>\n<p><span style=\"font-size: medium;\">Ces\u00f3 la lluvia<\/span><\/p>\n<p><span style=\"font-size: medium;\">en p\u00e9talos de rosas<\/span><\/p>\n<p><span style=\"font-size: medium;\">sumisas l\u00e1grimas.<\/span><\/p>\n<p><span style=\"font-size: medium;\">*<\/span><\/p>\n<p>&nbsp;<\/p>\n<p>&nbsp;<\/p>\n<p>&nbsp;<\/p>\n<p>&nbsp;<\/p>\n<p>&nbsp;<\/p>\n<p>&nbsp;<\/p>\n<p>&nbsp;<\/p>\n","protected":false},"excerpt":{"rendered":"<p>Los haicus son versos breves y proceden de la poes\u00eda japonesa. Captan la brevedad del momento, el fugaz rel\u00e1mpago que en nuestro \u00e1nimo provocan un paisaje o un estado an\u00edmico. Estos que siguen me lo provocaron la estaci\u00f3n oto\u00f1al que ahora empieza y que vivo sumido en la calma de la serran\u00eda de Ronda. &nbsp; [&hellip;]<\/p>\n","protected":false},"author":27495,"featured_media":0,"comment_status":"open","ping_status":"open","sticky":false,"template":"","format":"standard","meta":[],"categories":[3,21],"tags":[955,960],"_links":{"self":[{"href":"https:\/\/blogs.diariosur.es\/avuelapluma\/wp-json\/wp\/v2\/posts\/1838"}],"collection":[{"href":"https:\/\/blogs.diariosur.es\/avuelapluma\/wp-json\/wp\/v2\/posts"}],"about":[{"href":"https:\/\/blogs.diariosur.es\/avuelapluma\/wp-json\/wp\/v2\/types\/post"}],"author":[{"embeddable":true,"href":"https:\/\/blogs.diariosur.es\/avuelapluma\/wp-json\/wp\/v2\/users\/27495"}],"replies":[{"embeddable":true,"href":"https:\/\/blogs.diariosur.es\/avuelapluma\/wp-json\/wp\/v2\/comments?post=1838"}],"version-history":[{"count":0,"href":"https:\/\/blogs.diariosur.es\/avuelapluma\/wp-json\/wp\/v2\/posts\/1838\/revisions"}],"wp:attachment":[{"href":"https:\/\/blogs.diariosur.es\/avuelapluma\/wp-json\/wp\/v2\/media?parent=1838"}],"wp:term":[{"taxonomy":"category","embeddable":true,"href":"https:\/\/blogs.diariosur.es\/avuelapluma\/wp-json\/wp\/v2\/categories?post=1838"},{"taxonomy":"post_tag","embeddable":true,"href":"https:\/\/blogs.diariosur.es\/avuelapluma\/wp-json\/wp\/v2\/tags?post=1838"}],"curies":[{"name":"wp","href":"https:\/\/api.w.org\/{rel}","templated":true}]}}