{"id":1870,"date":"2014-11-02T11:13:50","date_gmt":"2014-11-02T10:13:50","guid":{"rendered":"http:\/\/blogs.diariosur.es\/avuelapluma\/?p=1870"},"modified":"2014-11-02T11:13:50","modified_gmt":"2014-11-02T10:13:50","slug":"el-politico-ideal","status":"publish","type":"post","link":"https:\/\/blogs.diariosur.es\/avuelapluma\/2014\/11\/02\/el-politico-ideal\/","title":{"rendered":"El pol\u00edtico ideal"},"content":{"rendered":"<p><strong>El pol\u00edtico ideal <\/strong><\/p>\n<p><img loading=\"lazy\" id=\"irc_ilrp_mut\" src=\"https:\/\/encrypted-tbn3.gstatic.com\/images?q=tbn:ANd9GcRlLmN9eN8SLEVHqgFoDqaIdZgtcp6AmKb5rq0d1LbA_1bryxBUyAOUJHY\" alt=\"\" width=\"495\" height=\"371\" data-height=\"393\" data-width=\"495\" \/><\/p>\n<p><strong>Resulta sorprendente, con la que est\u00e1 cayendo sobre una econom\u00eda como la de Espa\u00f1a que no logra levantar el vuelo, que m\u00e1s que este peliagudo problema preocupe a la gente la corrupci\u00f3n que nos anega. <\/strong><\/p>\n<p><strong>\u00a0 La deriva de la clase pol\u00edtica hacia esa direcci\u00f3n, aunque sea en una m\u00ednima proporci\u00f3n, provoca que se considere al conjunto como como que ejercen sus funciones de manera oprobiosa. Algo que no se ajusta a la realidad porque pol\u00edticos honrados y fieles cumplidores de su deber son los m\u00e1s. Lo que ocurre es que los esc\u00e1ndalos en que muchos de ellos se han visto incursos ha hecho que se metan todo en el mismo saco y se midan por el mismo rasero. De as\u00ed la desafecci\u00f3n casi generalizada de quienes cuando toca votar se acercan a la urnas. Son los mismos, que ante esta tesitura provocada por tantos pol\u00edticos investigados y enjuiciados, claman por una \u00e9tica en las actuaciones de quienes tienen en sus manos el leal servicio a los ciudadanos sin chanchullos ni componendas. <\/strong><\/p>\n<p><strong>\u00bf Cu\u00e1les son las virtudes que se espera posea el buen pol\u00edtico? Una encuesta publicada recientemente por NC Report, una agencia que parece fiable, ha recogido, compendiando las respuestas obtenidas a pie de calle,que las cualidades que deber\u00edan adornar a la figura del pol\u00edtico ideal ser\u00edan la honradez, la experiencia, la eficacia en la gesti\u00f3n,y, por \u00faltimo, y no la de menor importancia, la de que conceda primac\u00eda a los intereses del pa\u00eds y no a los de su partido o a los suyos propios.<\/strong><\/p>\n<p><strong>Son los valores, entre otros, que deber\u00eda hacer suyo en aras de conquistar la confianza ciudadana, algo que en los \u00faltimos tiempos est\u00e1 en m\u00ednimos. No estar\u00eda de m\u00e1s que en el frontispicio de su agenda personal se hiciese grabar la m\u00e1xima del jurista fenicio-romano Ulpiano: \u201c<\/strong><em><strong>Honeste vivere, naeminem laedere et jus sum cuique tribuere<\/strong><\/em><strong> \u201c, lo que en rom\u00e1n paladino viene a decir:\u201d&#8221;Vivir honestamente, no da\u00f1ar al otro y dar a cada uno lo que le corresponde\u201d.<\/strong><\/p>\n<p lang=\"es-ES\">\n","protected":false},"excerpt":{"rendered":"<p>El pol\u00edtico ideal Resulta sorprendente, con la que est\u00e1 cayendo sobre una econom\u00eda como la de Espa\u00f1a que no logra levantar el vuelo, que m\u00e1s que este peliagudo problema preocupe a la gente la corrupci\u00f3n que nos anega. \u00a0 La deriva de la clase pol\u00edtica hacia esa direcci\u00f3n, aunque sea en una m\u00ednima proporci\u00f3n, provoca [&hellip;]<\/p>\n","protected":false},"author":27495,"featured_media":0,"comment_status":"open","ping_status":"open","sticky":false,"template":"","format":"standard","meta":[],"categories":[18],"tags":[287,833],"_links":{"self":[{"href":"https:\/\/blogs.diariosur.es\/avuelapluma\/wp-json\/wp\/v2\/posts\/1870"}],"collection":[{"href":"https:\/\/blogs.diariosur.es\/avuelapluma\/wp-json\/wp\/v2\/posts"}],"about":[{"href":"https:\/\/blogs.diariosur.es\/avuelapluma\/wp-json\/wp\/v2\/types\/post"}],"author":[{"embeddable":true,"href":"https:\/\/blogs.diariosur.es\/avuelapluma\/wp-json\/wp\/v2\/users\/27495"}],"replies":[{"embeddable":true,"href":"https:\/\/blogs.diariosur.es\/avuelapluma\/wp-json\/wp\/v2\/comments?post=1870"}],"version-history":[{"count":0,"href":"https:\/\/blogs.diariosur.es\/avuelapluma\/wp-json\/wp\/v2\/posts\/1870\/revisions"}],"wp:attachment":[{"href":"https:\/\/blogs.diariosur.es\/avuelapluma\/wp-json\/wp\/v2\/media?parent=1870"}],"wp:term":[{"taxonomy":"category","embeddable":true,"href":"https:\/\/blogs.diariosur.es\/avuelapluma\/wp-json\/wp\/v2\/categories?post=1870"},{"taxonomy":"post_tag","embeddable":true,"href":"https:\/\/blogs.diariosur.es\/avuelapluma\/wp-json\/wp\/v2\/tags?post=1870"}],"curies":[{"name":"wp","href":"https:\/\/api.w.org\/{rel}","templated":true}]}}