{"id":1875,"date":"2014-11-06T11:43:08","date_gmt":"2014-11-06T10:43:08","guid":{"rendered":"http:\/\/blogs.diariosur.es\/avuelapluma\/?p=1875"},"modified":"2014-11-06T11:43:08","modified_gmt":"2014-11-06T10:43:08","slug":"el-grito-de-caritas-2","status":"publish","type":"post","link":"https:\/\/blogs.diariosur.es\/avuelapluma\/2014\/11\/06\/el-grito-de-caritas-2\/","title":{"rendered":"El grito de C\u00e1ritas"},"content":{"rendered":"<p><img src=\"\/\/partido.marianistas.org\/wp-content\/uploads\/2007\/10\/pobreza.gif\" alt=\"Pobreza Mundial \"Fotos impactantes\"\" border=\"0\" \/><\/p>\n<p><strong>El grito de C\u00e1ritas <\/strong><\/p>\n<p><strong>La exclusi\u00f3n social es una lacra que corree a infinidad de familias en Andaluc\u00eda. Parece que vino a esta tierra popularmente conocida como de Mar\u00eda Sant\u00edsima con \u00e1nimo9s de quedarse para mucho tiempo en ella. Aqu\u00ed se afinc\u00f3 ense\u00f1ore\u00e1ndose de hogares que ya eran menesterosos antes que abocara la malhadada crisis en el pa\u00eds,pero tambi\u00e9n, cuando a remolque de ella, los formados por la clases de la sociedad considerada como de un modesto pasar o incluso por grupos que se alineaban en lo que conocemos como clase media: unos y otros desembocaron en la m\u00e1s absoluta indigencia.<\/strong><\/p>\n<p><strong>C\u00e1ritas, entre otras organizaciones benefactoras, denuncia que, en n\u00fameros redondoss, existe en Andaluc\u00eda un mill\u00f3n de personas con el marchamo sobres sus cabezas de la exclusi\u00f3n social severa, o en otras palabras, que sufren de pobreza extrema. Andaluc\u00eda por estas razones se encuentra al margen de los pa\u00edses desarrollados al encabezar un registro de regiones donde la indigencia \u201ccampa por sus respetos\u201d, por emplear una expresi\u00f3n popular.<\/strong><\/p>\n<p><strong>Y otro dato demoledor que causa verg\u00fcenza ajena, ahora m\u00e1s que nunca, cuando la corrupci\u00f3n imperante en la clase pol\u00edtica est\u00e1 dinamitando los cimientos del bipartidismo en Espa\u00f1a a causa de unos golfos que se han dado vida principesca sin el menor miramiento: es de temer que en la mitad de hogares de exclusi\u00f3n habitan menores.<\/strong><\/p>\n<p><strong>Pero no acaba ah\u00ed la cosa. Sobre los hogares bajo las zarpas de la depauperaci\u00f3n otro signo de penuria acecha: la \u201csanitaria\u201d: se abandonan tratamientos m\u00e9dicos porno tener medios para adquirir medicamentos. A lo que hay que sumar los cortes de luz,agua y tel\u00e9fono.am\u00e9n de los desahucios por impagos.<\/strong><\/p>\n<p><strong>Un l\u00f3brego panorama familiar contra el que C\u00e1ritas ha levantado la voz para concienciar a la sociedad pudiente del grave problema. M\u00e1s nos vale no hacerle o\u00eddos sordos que la desesperaci\u00f3n y el desarraigo en lo laboral y social tiene sus l\u00edmites.<\/strong><\/p>\n","protected":false},"excerpt":{"rendered":"<p>El grito de C\u00e1ritas La exclusi\u00f3n social es una lacra que corree a infinidad de familias en Andaluc\u00eda. Parece que vino a esta tierra popularmente conocida como de Mar\u00eda Sant\u00edsima con \u00e1nimo9s de quedarse para mucho tiempo en ella. Aqu\u00ed se afinc\u00f3 ense\u00f1ore\u00e1ndose de hogares que ya eran menesterosos antes que abocara la malhadada crisis [&hellip;]<\/p>\n","protected":false},"author":27495,"featured_media":0,"comment_status":"open","ping_status":"open","sticky":false,"template":"","format":"standard","meta":[],"categories":[10],"tags":[186,451,826],"_links":{"self":[{"href":"https:\/\/blogs.diariosur.es\/avuelapluma\/wp-json\/wp\/v2\/posts\/1875"}],"collection":[{"href":"https:\/\/blogs.diariosur.es\/avuelapluma\/wp-json\/wp\/v2\/posts"}],"about":[{"href":"https:\/\/blogs.diariosur.es\/avuelapluma\/wp-json\/wp\/v2\/types\/post"}],"author":[{"embeddable":true,"href":"https:\/\/blogs.diariosur.es\/avuelapluma\/wp-json\/wp\/v2\/users\/27495"}],"replies":[{"embeddable":true,"href":"https:\/\/blogs.diariosur.es\/avuelapluma\/wp-json\/wp\/v2\/comments?post=1875"}],"version-history":[{"count":0,"href":"https:\/\/blogs.diariosur.es\/avuelapluma\/wp-json\/wp\/v2\/posts\/1875\/revisions"}],"wp:attachment":[{"href":"https:\/\/blogs.diariosur.es\/avuelapluma\/wp-json\/wp\/v2\/media?parent=1875"}],"wp:term":[{"taxonomy":"category","embeddable":true,"href":"https:\/\/blogs.diariosur.es\/avuelapluma\/wp-json\/wp\/v2\/categories?post=1875"},{"taxonomy":"post_tag","embeddable":true,"href":"https:\/\/blogs.diariosur.es\/avuelapluma\/wp-json\/wp\/v2\/tags?post=1875"}],"curies":[{"name":"wp","href":"https:\/\/api.w.org\/{rel}","templated":true}]}}