{"id":1886,"date":"2014-11-23T12:06:03","date_gmt":"2014-11-23T11:06:03","guid":{"rendered":"http:\/\/blogs.diariosur.es\/avuelapluma\/?p=1886"},"modified":"2014-11-23T12:06:03","modified_gmt":"2014-11-23T11:06:03","slug":"dias-y-ollas-2","status":"publish","type":"post","link":"https:\/\/blogs.diariosur.es\/avuelapluma\/2014\/11\/23\/dias-y-ollas-2\/","title":{"rendered":"D\u00edas y ollas"},"content":{"rendered":"<p><img loading=\"lazy\" src=\"https:\/\/encrypted-tbn3.gstatic.com\/images?q=tbn:ANd9GcQIYgl1nVfC9KN1GdL55nogKS_XhMSXIY3eJNNHktLa5Kw_QUQTsA\" alt=\"\" width=\"495\" height=\"346\" \/><\/p>\n<p><strong>D\u00edas y ollas<\/strong><\/p>\n<p><strong>\u00bfDe verdad piensan los pol\u00edticos que los ciudadanos siguen al pie de la letra sus peroratas grandilocuentes sobre la econom\u00eda? \u00bf Se creen los economistas que el vecino del entresuelo no hace otra cosa que seguir los informes y andanzas de la troika, o que no pierden puntada de los altibajos de la vers\u00e1til prima de riesgo? Se equivocan de medio a medio. <\/strong><\/p>\n<p><strong>Hemos llegado a una situaci\u00f3n tal que la mayor parte de los espa\u00f1oles hacen caso omiso de lo que dicen los l\u00edderes pol\u00edticos, a los que oyen como quien oye la lluvia golpear en las ventanas de su casa,mientras se entregan al sue\u00f1o. Ni pu\u00f1etero caso. <\/strong><\/p>\n<p><strong>Echaba\u00a0 el PP las campanas al vuelo porque en los ultimos meses los acontecimientos han\u00a0 mostrado una cara risue\u00f1a en lo qual paro se refiere. Festejaron con la boca chica,pero lo festejaron, que se ha bajado de los cinco millones. <\/strong><\/p>\n<p><strong>Igualmente se felicitaban los socialistas cuando bajaba de los cuatro millones. Unos y otros, sin que se les caiga la cara de verg\u00fcenza, se autoglorifican y declaran sin pudor \u201cque lo peor ya ha pasado\u201d As\u00ed una y otra vez, aventurando poco menos que el futuro se ofrece venturoso. Por lo que no cabe otra cosa sino poner o\u00eddos sordos a sus alocuciones. Remedando al poeta : \u00a1Tan largo nos lo hab\u00e9is fijado! <\/strong><\/p>\n<p align=\"JUSTIFY\"><span style=\"text-decoration: underline;\"><a href=\"http:\/\/mejorconsalud.com\/remedios-naturales\/\" rel=\"external nofollow\"> <strong>Ya no hay quien les crea, porque en esa nube en la que encuentran c\u00f3modamente instalados, no sienten la mordiente realidad que atosiga al ciudadano com\u00fan, el cual ignora de d\u00f3nde va a salir la comida que como imperativo natural van a necesitar \u00e9l y los suyos para subsistir cada d\u00eda. Para ellos, los que gozan de una vida placentera, con crecida y segura soldada a final de mes todo ocurre como ten\u00eda que ocurrir. Y todo est\u00e1 en donde deber\u00eda estar. As\u00ed que vengan d\u00edas y vengan ollas, que decimos en la ancha y sugeridora Serran\u00eda de Ronda.<\/strong><\/a><\/span><\/p>\n","protected":false},"excerpt":{"rendered":"<p>D\u00edas y ollas \u00bfDe verdad piensan los pol\u00edticos que los ciudadanos siguen al pie de la letra sus peroratas grandilocuentes sobre la econom\u00eda? \u00bf Se creen los economistas que el vecino del entresuelo no hace otra cosa que seguir los informes y andanzas de la troika, o que no pierden puntada de los altibajos de [&hellip;]<\/p>\n","protected":false},"author":27495,"featured_media":0,"comment_status":"open","ping_status":"open","sticky":false,"template":"","format":"standard","meta":[],"categories":[18],"tags":[833],"_links":{"self":[{"href":"https:\/\/blogs.diariosur.es\/avuelapluma\/wp-json\/wp\/v2\/posts\/1886"}],"collection":[{"href":"https:\/\/blogs.diariosur.es\/avuelapluma\/wp-json\/wp\/v2\/posts"}],"about":[{"href":"https:\/\/blogs.diariosur.es\/avuelapluma\/wp-json\/wp\/v2\/types\/post"}],"author":[{"embeddable":true,"href":"https:\/\/blogs.diariosur.es\/avuelapluma\/wp-json\/wp\/v2\/users\/27495"}],"replies":[{"embeddable":true,"href":"https:\/\/blogs.diariosur.es\/avuelapluma\/wp-json\/wp\/v2\/comments?post=1886"}],"version-history":[{"count":0,"href":"https:\/\/blogs.diariosur.es\/avuelapluma\/wp-json\/wp\/v2\/posts\/1886\/revisions"}],"wp:attachment":[{"href":"https:\/\/blogs.diariosur.es\/avuelapluma\/wp-json\/wp\/v2\/media?parent=1886"}],"wp:term":[{"taxonomy":"category","embeddable":true,"href":"https:\/\/blogs.diariosur.es\/avuelapluma\/wp-json\/wp\/v2\/categories?post=1886"},{"taxonomy":"post_tag","embeddable":true,"href":"https:\/\/blogs.diariosur.es\/avuelapluma\/wp-json\/wp\/v2\/tags?post=1886"}],"curies":[{"name":"wp","href":"https:\/\/api.w.org\/{rel}","templated":true}]}}