{"id":1888,"date":"2014-11-27T11:05:41","date_gmt":"2014-11-27T10:05:41","guid":{"rendered":"http:\/\/blogs.diariosur.es\/avuelapluma\/?p=1888"},"modified":"2014-11-27T11:05:41","modified_gmt":"2014-11-27T10:05:41","slug":"despiadado-ataque-a-la-avifauna-menor","status":"publish","type":"post","link":"https:\/\/blogs.diariosur.es\/avuelapluma\/2014\/11\/27\/despiadado-ataque-a-la-avifauna-menor\/","title":{"rendered":"Despiadado ataque a la avifauna menor"},"content":{"rendered":"<p><strong>Despiadado ataque a la avifauna menor<\/strong><\/p>\n<p>&nbsp;<\/p>\n<p><img loading=\"lazy\" id=\"irc_ilrp_mut\" src=\"https:\/\/encrypted-tbn1.gstatic.com\/images?q=tbn:ANd9GcTonNavyFsDr22bl9kiIjPL6-Um-t-BWuSq0Hv6QpE_n0NTfJZewM0KJwCy\" alt=\"\" width=\"495\" height=\"278\" data-height=\"393\" data-width=\"495\" \/><\/p>\n<p><strong>A\u00f1os ha las peque\u00f1as aves que surcaban felices por entre la arboleda de la Serran\u00eda de Ronda solo deb\u00edan temer entre los espec\u00edmenes humanos a las pandillas de ni\u00f1os que se afanaban en su captura o mermaban m\u00ednimamente su poblaci\u00f3n, recurriendo a la pegajosa liga con la que quedaban presos en la rama que buscaban para descanso de su vivaz \u201cy cansado vuelo\u201d,que dijo el poeta. Era una forma cruel de capturarlos vivos, pero tambi\u00e9n se optaba entre esta grey traviesa por atentar contra sus vidas recurriendo a las trampas -perchas, en el lugar- o a las escopetas de plomillos. Los aniquilaban as\u00ed impunemente, no no s\u00e9 si con nocturnidad pero s\u00ed con alevos\u00eda. <\/strong><\/p>\n<p><strong>Ahora los enemigos implacables de gorriones, chamarines, jilgueros, tordos, alcudones , estorninos, mirlos de oscuro disfraz, y dem\u00e1s familia de nuestra avifauna menor, son otros; pesticidas y herbicidas diezman a la poblaci\u00f3n de peque\u00f1as aves que se encuentran indefensas ante pr\u00e1cticas no siempre permitidas en aras de eliminar elementos que puedan obrar en detrimento de las cosechas. A lo que hay que unir en el \u00e1mbito rural el abandono de terrenos antes ocupados por plantaciones y sembrados de la m\u00e1s variada \u00edndole, con lo que se enrarece su h\u00e1bitat natural. <\/strong><\/p>\n<p><strong>\u00cdtem m\u00e1s: las muertes por electrocuci\u00f3n de las grandes rapaces buitres y \u00e1guilas perdiceras que pagan su \u201cosad\u00eda\u201d de acercarse a un porte del tendido el\u00e9ctrico para descansar de su gravoso vuelo. Una sociedad malague\u00f1a de ornitolog\u00eda acaba de denunciarlo: cada vez hay menos p\u00e1jaros en la provincias de M\u00e1laga.<\/strong><\/p>\n<p><strong>Unas y otras acciones han hecho que los campos, nuestros campos malague\u00f1os, si alguna vez fueron reinos de aves libres que nos alegraron la vista y el sonido con sus plumajes y trinos inicien una decadencia que de no atajarse cambiar\u00e1 el cariz de nuestros campos inexorablemente. <\/strong><\/p>\n<p lang=\"es-ES\"><strong>El canto de los p\u00e1jaros, que si no se ponen remedios acabar\u00e1 por desaparecer, y ser\u00e1n in\u00fatiles los versos de Octavio Paz: \u201c Cantan los p\u00e1jaros, cantan \/ sin saber lo que cantan: \/ todo su sentimiento es su garganta\u201d.<\/strong><\/p>\n","protected":false},"excerpt":{"rendered":"<p>Despiadado ataque a la avifauna menor &nbsp; A\u00f1os ha las peque\u00f1as aves que surcaban felices por entre la arboleda de la Serran\u00eda de Ronda solo deb\u00edan temer entre los espec\u00edmenes humanos a las pandillas de ni\u00f1os que se afanaban en su captura o mermaban m\u00ednimamente su poblaci\u00f3n, recurriendo a la pegajosa liga con la que [&hellip;]<\/p>\n","protected":false},"author":27495,"featured_media":0,"comment_status":"open","ping_status":"open","sticky":false,"template":"","format":"standard","meta":[],"categories":[21],"tags":[114,793],"_links":{"self":[{"href":"https:\/\/blogs.diariosur.es\/avuelapluma\/wp-json\/wp\/v2\/posts\/1888"}],"collection":[{"href":"https:\/\/blogs.diariosur.es\/avuelapluma\/wp-json\/wp\/v2\/posts"}],"about":[{"href":"https:\/\/blogs.diariosur.es\/avuelapluma\/wp-json\/wp\/v2\/types\/post"}],"author":[{"embeddable":true,"href":"https:\/\/blogs.diariosur.es\/avuelapluma\/wp-json\/wp\/v2\/users\/27495"}],"replies":[{"embeddable":true,"href":"https:\/\/blogs.diariosur.es\/avuelapluma\/wp-json\/wp\/v2\/comments?post=1888"}],"version-history":[{"count":0,"href":"https:\/\/blogs.diariosur.es\/avuelapluma\/wp-json\/wp\/v2\/posts\/1888\/revisions"}],"wp:attachment":[{"href":"https:\/\/blogs.diariosur.es\/avuelapluma\/wp-json\/wp\/v2\/media?parent=1888"}],"wp:term":[{"taxonomy":"category","embeddable":true,"href":"https:\/\/blogs.diariosur.es\/avuelapluma\/wp-json\/wp\/v2\/categories?post=1888"},{"taxonomy":"post_tag","embeddable":true,"href":"https:\/\/blogs.diariosur.es\/avuelapluma\/wp-json\/wp\/v2\/tags?post=1888"}],"curies":[{"name":"wp","href":"https:\/\/api.w.org\/{rel}","templated":true}]}}