{"id":1892,"date":"2014-12-05T10:34:55","date_gmt":"2014-12-05T09:34:55","guid":{"rendered":"http:\/\/blogs.diariosur.es\/avuelapluma\/?p=1892"},"modified":"2014-12-05T10:34:55","modified_gmt":"2014-12-05T09:34:55","slug":"carteros-en-apuros","status":"publish","type":"post","link":"https:\/\/blogs.diariosur.es\/avuelapluma\/2014\/12\/05\/carteros-en-apuros\/","title":{"rendered":"Carteros en apuros"},"content":{"rendered":"<p><strong>Carteros en apuros<\/strong><\/p>\n<p><img loading=\"lazy\" id=\"irc_ilrp_mut\" src=\"https:\/\/encrypted-tbn0.gstatic.com\/images?q=tbn:ANd9GcSt42feJ6WTt4u1d2YpGxzrcqyTAL0FfW4C-mLz-dhH_WmUAaC0OS-TVLc\" alt=\"\" width=\"294\" height=\"393\" data-height=\"393\" data-width=\"486\" \/><\/p>\n<p><strong>Pertenezco a una modesta familia de pueblo que tuvo entre sus miembros a un honrado y esforzado cartero que ejerci\u00f3 sus funciones en Benaoj\u00e1n, el pueblecito que se asoma coquet\u00f3n a las orillas del r\u00edo Guadiaro y que es referencia obligada cuando de monumentos arqueol\u00f3gicos y naturales cabe hablar: las cuevas de la Pileta y El Gato, asombro de propios y extra\u00f1os. <\/strong><\/p>\n<p><strong>Crist\u00f3bal Becerra, que simultaneaba el oficio de rapartidor de misivas con el de panadero, cubr\u00eda diariamente la distancia que se separa a la villa del chorizo y la morcilla \u2013 otro aliciente del municipio desde tiempo inmemorial \u2013 con la Estaci\u00f3n de Renfe, distante m\u00e1s de un kil\u00f3metro por un camino pedregoso que los del lugar denominan Camino del R\u00edo. Abajo y arriba cuatro veces al d\u00eda, al hombro la voluminosa cartera de Correos. Un \u00edmprobo trabajo mal remunerado que mantuvo hasta la jubilaci\u00f3n, si bien en los \u00faltimos a\u00f1os se serv\u00eda de un viejo borrico que vino a liberarle en parte del esfuerzo diario por el camino de cabras.<\/strong><\/p>\n<p><strong>Los carteros de pueblos supieron merced a su labor callada y no pocas veces excesiva suscitaron el aprecio de sus concioudadanos tanto por su meritorio trabajo como ser esa especie de cord\u00f3n umbilical que les manten\u00eda en contacto con el resto del mundo.<\/strong><\/p>\n<p><strong>Hace una semana, los carteros de Espa\u00f1a estuvieron llamados llamados a una huelga de 24 horas en protesta por los recortes de personal y condiciones laborales aplicados arbitrariamente por Correos. La que se considera como la \u201cempresa m\u00e1s grande del pa\u00eds\u201d no contenta a sus trabajadores, es m\u00e1s suscita su animadversi\u00f3n por reducciones dr\u00e1sticas de plantillas y el aumento considerable de la eventualidad. Un dato llamativo que enerva a los trabajadores es que de los de 75.000 empleados que en su d\u00eda lleg\u00f3 a contar solo 40.000 permanecen en sus puestos. \u00a1Un buen tijeretazo, vive Dios!<\/strong><\/p>\n<p><strong>Los viejos tiempos en los que mi t\u00edo Crist\u00f3bal y otros tantos como \u00e9l romp\u00edan las suelas de sus zapatos pateando suelos imposibles y cargando sobre sus espaldas la carpetas atiborrada de buenas o malas nuevas ya pasaron. Ahora las inquietudes son otras. La incertidumbre de permanecer en el puesto de trabajo se une a la desconsiderada bajada de salarios que pone en juego la estabilidad de sus familias, entre otras medidas no menos apabullantes.<\/strong><\/p>\n<p><strong>La figura del cartero y su deambular callejero fue y es una de las estampas propias de nuestros pueblos. Vaya mi reconocimiento y admiraci\u00f3n para los que desempe\u00f1aron este trabajo en el pasado y para los que los ejercen ahora. Son exponentes de honradez y un callado buen hacer por todos reconocidos. <\/strong><\/p>\n","protected":false},"excerpt":{"rendered":"<p>Carteros en apuros Pertenezco a una modesta familia de pueblo que tuvo entre sus miembros a un honrado y esforzado cartero que ejerci\u00f3 sus funciones en Benaoj\u00e1n, el pueblecito que se asoma coquet\u00f3n a las orillas del r\u00edo Guadiaro y que es referencia obligada cuando de monumentos arqueol\u00f3gicos y naturales cabe hablar: las cuevas de [&hellip;]<\/p>\n","protected":false},"author":27495,"featured_media":0,"comment_status":"open","ping_status":"open","sticky":false,"template":"","format":"standard","meta":[],"categories":[18,21],"tags":[196],"_links":{"self":[{"href":"https:\/\/blogs.diariosur.es\/avuelapluma\/wp-json\/wp\/v2\/posts\/1892"}],"collection":[{"href":"https:\/\/blogs.diariosur.es\/avuelapluma\/wp-json\/wp\/v2\/posts"}],"about":[{"href":"https:\/\/blogs.diariosur.es\/avuelapluma\/wp-json\/wp\/v2\/types\/post"}],"author":[{"embeddable":true,"href":"https:\/\/blogs.diariosur.es\/avuelapluma\/wp-json\/wp\/v2\/users\/27495"}],"replies":[{"embeddable":true,"href":"https:\/\/blogs.diariosur.es\/avuelapluma\/wp-json\/wp\/v2\/comments?post=1892"}],"version-history":[{"count":0,"href":"https:\/\/blogs.diariosur.es\/avuelapluma\/wp-json\/wp\/v2\/posts\/1892\/revisions"}],"wp:attachment":[{"href":"https:\/\/blogs.diariosur.es\/avuelapluma\/wp-json\/wp\/v2\/media?parent=1892"}],"wp:term":[{"taxonomy":"category","embeddable":true,"href":"https:\/\/blogs.diariosur.es\/avuelapluma\/wp-json\/wp\/v2\/categories?post=1892"},{"taxonomy":"post_tag","embeddable":true,"href":"https:\/\/blogs.diariosur.es\/avuelapluma\/wp-json\/wp\/v2\/tags?post=1892"}],"curies":[{"name":"wp","href":"https:\/\/api.w.org\/{rel}","templated":true}]}}