{"id":1910,"date":"2014-12-20T17:57:57","date_gmt":"2014-12-20T16:57:57","guid":{"rendered":"http:\/\/blogs.diariosur.es\/avuelapluma\/?p=1910"},"modified":"2014-12-20T17:57:57","modified_gmt":"2014-12-20T16:57:57","slug":"la-ley-de-transparencia-al-fin","status":"publish","type":"post","link":"https:\/\/blogs.diariosur.es\/avuelapluma\/2014\/12\/20\/la-ley-de-transparencia-al-fin\/","title":{"rendered":"La Ley de Transparencia, al fin"},"content":{"rendered":"<p align=\"JUSTIFY\">\n<p align=\"JUSTIFY\"><strong>\u00a0 La Ley de Transparencia, al fin <\/strong><\/p>\n<p align=\"JUSTIFY\"><strong>Se ha hecho rogar pero al fin parece que entrar\u00e1 en vigor la Ley de Transparencia. Era algo que todos ve\u00edamos con buenos ojos y su futura implantaci\u00f3n en el solar patrio abre una brecha en esa desconfianza generalizada hacia los pol\u00edticos, que ahora se nos aparecen con un nuevo cariz, cuanto m\u00e1s que ser\u00e1n \u00f3rganos independientes del Gobierno el que velar\u00e1 por su fiel cumplimiento,para que nada se quede en casa. <\/strong><\/p>\n<p align=\"JUSTIFY\"><strong>\u00a0\u00a0\u00a0 Los cargos p\u00fablicos que se salten a la torera principios \u00e9ticos y de buen gobierno sufrir\u00e1n el flagelo de una Autoridad Fiscal Independiente, la cual se encargar\u00e1 de poner sobreaviso a la Administraci\u00f3n que correspondan las transgresiones detectadas para que se incoe el procedimiento pertinente. Si hay motivos probados, sanci\u00f3n al canto, y si procede, destituci\u00f3n e inhabilitaci\u00f3n consecuente.<\/strong><\/p>\n<p align=\"JUSTIFY\"><strong>Pero el procedimiento, con ser incontestable, quedar\u00eda cojo ni se contemplara el \u00e1mbito de su aplicaci\u00f3n. Se fiscalizar\u00e1 el Congreso de los Diputados, el Senado, el Tribunal Constitucional y hasta el Banco de Espa\u00f1a: no hay instituci\u00f3n que quede eximida de este control exhaustivo. Incluso la Casa Real ( hay que hacer notar la iniciativa propia en este caso), pasando por partidos pol\u00edticos, organizaciones empresariales y sindicatos. Aqu\u00ed no se salva nadie.<\/strong><\/p>\n<p align=\"JUSTIFY\"><strong>Transparencia y Buen Gobierno, a \u00e9ste desider\u00e1tum responde el Consejo de inminente creaci\u00f3n que velar\u00e1 por la eficacia, buena fe y dedicaci\u00f3n al servicio p\u00fablico de los miembros del Ejecutivo y de los altos cargos de todas las administraciones sin excepci\u00f3n. <\/strong><\/p>\n<p align=\"JUSTIFY\"><strong>Pero hay algo m\u00e1s, y es que los ciudadanos, usted y yo, podremos acceder a informaci\u00f3n sobre contratos, subvenciones , convenios y retribuciones de personas que hasta ahora se nos escapaban. Lo lograremos a trav\u00e9s del Portal de Transparencia en Internet. Cuestiones intrincadas que, con la nueva normativa, dejar\u00e1n de serlo. Eso hemos salido ganando, que no es mucho( no va a resultar f\u00e1cil acceder a la informaci\u00f3n deseada), pero no es poco.<\/strong><\/p>\n","protected":false},"excerpt":{"rendered":"<p>\u00a0 La Ley de Transparencia, al fin Se ha hecho rogar pero al fin parece que entrar\u00e1 en vigor la Ley de Transparencia. Era algo que todos ve\u00edamos con buenos ojos y su futura implantaci\u00f3n en el solar patrio abre una brecha en esa desconfianza generalizada hacia los pol\u00edticos, que ahora se nos aparecen con [&hellip;]<\/p>\n","protected":false},"author":27495,"featured_media":0,"comment_status":"open","ping_status":"open","sticky":false,"template":"","format":"standard","meta":[],"categories":[18],"tags":[624,1028],"_links":{"self":[{"href":"https:\/\/blogs.diariosur.es\/avuelapluma\/wp-json\/wp\/v2\/posts\/1910"}],"collection":[{"href":"https:\/\/blogs.diariosur.es\/avuelapluma\/wp-json\/wp\/v2\/posts"}],"about":[{"href":"https:\/\/blogs.diariosur.es\/avuelapluma\/wp-json\/wp\/v2\/types\/post"}],"author":[{"embeddable":true,"href":"https:\/\/blogs.diariosur.es\/avuelapluma\/wp-json\/wp\/v2\/users\/27495"}],"replies":[{"embeddable":true,"href":"https:\/\/blogs.diariosur.es\/avuelapluma\/wp-json\/wp\/v2\/comments?post=1910"}],"version-history":[{"count":0,"href":"https:\/\/blogs.diariosur.es\/avuelapluma\/wp-json\/wp\/v2\/posts\/1910\/revisions"}],"wp:attachment":[{"href":"https:\/\/blogs.diariosur.es\/avuelapluma\/wp-json\/wp\/v2\/media?parent=1910"}],"wp:term":[{"taxonomy":"category","embeddable":true,"href":"https:\/\/blogs.diariosur.es\/avuelapluma\/wp-json\/wp\/v2\/categories?post=1910"},{"taxonomy":"post_tag","embeddable":true,"href":"https:\/\/blogs.diariosur.es\/avuelapluma\/wp-json\/wp\/v2\/tags?post=1910"}],"curies":[{"name":"wp","href":"https:\/\/api.w.org\/{rel}","templated":true}]}}