{"id":1922,"date":"2014-12-28T11:46:31","date_gmt":"2014-12-28T10:46:31","guid":{"rendered":"http:\/\/blogs.diariosur.es\/avuelapluma\/?p=1922"},"modified":"2014-12-28T11:46:31","modified_gmt":"2014-12-28T10:46:31","slug":"un-par-de-euros-mas-para-los-pensionistas-somos-ricos","status":"publish","type":"post","link":"https:\/\/blogs.diariosur.es\/avuelapluma\/2014\/12\/28\/un-par-de-euros-mas-para-los-pensionistas-somos-ricos\/","title":{"rendered":"Un par de euros m\u00e1s para los pensionistas:\u00a1 Somos ricos!"},"content":{"rendered":"<p align=\"JUSTIFY\"><strong><img loading=\"lazy\" id=\"irc_ilrp_mut\" src=\"https:\/\/encrypted-tbn2.gstatic.com\/images?q=tbn:ANd9GcQ2vBALvuMKYRuVBza1mDa8gKR3IfDF5BoQ2Od6s9ckpwsauisePTDX8is\" alt=\"\" width=\"262\" height=\"393\" data-height=\"393\" data-width=\"486\" \/><\/strong><\/p>\n<p align=\"JUSTIFY\">Un par de euros m\u00e1s para los pensionistas:\u00a1 Somos ricos!<\/p>\n<p align=\"JUSTIFY\">\u201c<strong>Para este viaje no se necesitaban alforjas\u201d,que dicen all\u00e1 m\u00e1s al sur del sur peninsular, all\u00ed donde Ronda pierde su fisonom\u00eda de ciudad pujante y las sierras cierran filas codiciosas en torno a peque\u00f1os caser\u00edos blancos de cal refulgentes al sol del mediod\u00eda. <\/strong><\/p>\n<p align=\"JUSTIFY\"><strong>Lo que traducido a grosso modo y dej\u00e1nndonos de lindezas, que el horno no est\u00e1 para bollos, puede significar que no val\u00eda la pena tanta algarada para tan poca substancia,algo que ya era de esperar visto lo visto anteriormente.<\/strong><\/p>\n<p align=\"JUSTIFY\"><strong>La cuesti\u00f3n es que el Consejo de Ministros acaba de lanzar las campanas al vuelo porque se decidi\u00f3 cuando el 2014 toca su fin que las pensiones se revalorizar\u00e1n un 0,25 % en el a\u00f1o que ya se espera a la vuelta de la esquina. Argumentan que as\u00ed se hace por ley anteriormente establecida. Puede que as\u00ed sea. Pero se pod\u00edan haber ahorrado esta mis\u00e9rrima subida que nada nos viene a solucionar a los casi 10 millones de jubilados que arrastramos penosamente el fin de nuestra existencia. Se nos aumentan 2 euros en la paga que es la nada a todas luces y lo venden como un triunfo de la pol\u00edtica de protecci\u00f3n social en el balance pol\u00edtico y econ\u00f3mico del a\u00f1o, triunfalmente expuesto por el presidente Rajoy, y como era de esperar denostada sin rservas por la oposici\u00f3n.<br \/>\n<\/strong><\/p>\n<p align=\"JUSTIFY\"><strong>Se\u00f1or Presidente, con el respeto que me merece, le dir\u00e9 que se pod\u00edan haber ahorrado esa insignificancia que apenas llega a 10 c\u00e9ntimos de euro al mes con el que no podemos comprar ni una bolsa de pipas de girasol en el kiosco de la esquina. Se escuda usted en que las variaciones negativas del IPC (\u00cdndice de Precios de Consumo)har\u00e1n m\u00e1s ostensible la subida que su Gobierno acaba de decretar, junto a la bajada del precio del petr\u00f3leo. O sea,que la \u201cmejora\u201d que \u201cpermite a los pensionistas incrementar su poder adquisitivo\u201d no deja de ser eventual y vol\u00e1til.<\/strong><\/p>\n<p align=\"JUSTIFY\"><strong>En otras palabras, que la<em> semicongelaci\u00f3n<\/em> de las pensiones ya efectuada el pasado a\u00f1o contin\u00faa en el que ya asoma su cariz .\u201d Y lo que te rondar\u00e9, morena\u201d, que decimos los serranos y malague\u00f1o cuando vemos que nuestros males no tienen remedio.<\/strong><\/p>\n","protected":false},"excerpt":{"rendered":"<p>Un par de euros m\u00e1s para los pensionistas:\u00a1 Somos ricos! \u201cPara este viaje no se necesitaban alforjas\u201d,que dicen all\u00e1 m\u00e1s al sur del sur peninsular, all\u00ed donde Ronda pierde su fisonom\u00eda de ciudad pujante y las sierras cierran filas codiciosas en torno a peque\u00f1os caser\u00edos blancos de cal refulgentes al sol del mediod\u00eda. Lo que [&hellip;]<\/p>\n","protected":false},"author":27495,"featured_media":0,"comment_status":"open","ping_status":"open","sticky":false,"template":"","format":"standard","meta":[],"categories":[3,5],"tags":[797,991],"_links":{"self":[{"href":"https:\/\/blogs.diariosur.es\/avuelapluma\/wp-json\/wp\/v2\/posts\/1922"}],"collection":[{"href":"https:\/\/blogs.diariosur.es\/avuelapluma\/wp-json\/wp\/v2\/posts"}],"about":[{"href":"https:\/\/blogs.diariosur.es\/avuelapluma\/wp-json\/wp\/v2\/types\/post"}],"author":[{"embeddable":true,"href":"https:\/\/blogs.diariosur.es\/avuelapluma\/wp-json\/wp\/v2\/users\/27495"}],"replies":[{"embeddable":true,"href":"https:\/\/blogs.diariosur.es\/avuelapluma\/wp-json\/wp\/v2\/comments?post=1922"}],"version-history":[{"count":0,"href":"https:\/\/blogs.diariosur.es\/avuelapluma\/wp-json\/wp\/v2\/posts\/1922\/revisions"}],"wp:attachment":[{"href":"https:\/\/blogs.diariosur.es\/avuelapluma\/wp-json\/wp\/v2\/media?parent=1922"}],"wp:term":[{"taxonomy":"category","embeddable":true,"href":"https:\/\/blogs.diariosur.es\/avuelapluma\/wp-json\/wp\/v2\/categories?post=1922"},{"taxonomy":"post_tag","embeddable":true,"href":"https:\/\/blogs.diariosur.es\/avuelapluma\/wp-json\/wp\/v2\/tags?post=1922"}],"curies":[{"name":"wp","href":"https:\/\/api.w.org\/{rel}","templated":true}]}}