{"id":1931,"date":"2014-12-31T13:08:07","date_gmt":"2014-12-31T12:08:07","guid":{"rendered":"http:\/\/blogs.diariosur.es\/avuelapluma\/?p=1931"},"modified":"2014-12-31T13:08:07","modified_gmt":"2014-12-31T12:08:07","slug":"1931","status":"publish","type":"post","link":"https:\/\/blogs.diariosur.es\/avuelapluma\/2014\/12\/31\/1931\/","title":{"rendered":"Relevo en la residencia Parra Grossi de Ronda"},"content":{"rendered":"<p align=\"JUSTIFY\"><strong>Relevo en la residencia Parra Grossi de Ronda<\/strong><\/p>\n<p align=\"JUSTIFY\"><strong>De la antigua Caja de Ahorros de Ronda con el paso del tiempo van quedando menos vestigios. Es como si un hada maligna se entretuviera, sat\u00e1nica, en borrarlos del mundo. Ahora le ha tocado el turno en la residencia de ancianos Parra Grossi instalada en la ahora rutilante con el esplendor navide\u00f1o ciudad del Tajo. <\/strong><\/p>\n<p align=\"JUSTIFY\"><strong>No es que la residencia en cuesti\u00f3n vaya a desaparecer: continuar\u00e1 con la misma denominaci\u00f3n y ejerciendo sus funciones como hasta ahora desde varias d\u00e9cadas atr\u00e1s. Es m\u00e1s:se ampliar\u00e1 y se podr\u00e1 disfrutar de nuevos servicios, por lo que no se espera que no se disminuya el personal trabajador, esto es al menos lo que se asegura. Lo que ocurre es que se desvincula de Unicaja pasando a depender de una acrisolada empresa gestora de varias instalaciones de este tipo en Andaluc\u00eda y que viene haciendo muy bien las cosas: la avalan tiempo y experiencia. Nada tiene que temer los residentes, que continuar\u00e1n recibiendo mejor atenci\u00f3n si cabe.<\/strong><\/p>\n<p align=\"JUSTIFY\"><strong>Pero eso s\u00ed, ni rastro ya de la antigua Caja que que tanto festejaron los mayores de Ronda y los pueblos de la comarca en su d\u00eda. De la primitiva entidad se han ido desgajando buena parte de lo que en su d\u00eda form\u00f3 parte de su tan cacareada Obra Social. Cerr\u00f3 sus puertas la residencia Marymar de Benalm\u00e1dena ante el clamor de los que se vieron desalojados de grado o por la fuerza: de prisa y corriendo los residentes tuvieron que buscar nuevos aposentos. Por ah\u00ed empez\u00f3 la cosa, pero esto afortunadamente no va a ocurrir en Ronda. La continuidad en el servicio que se presta parece estar garantizado.<\/strong><\/p>\n<p align=\"JUSTIFY\"><strong>Este relevo que ahora se produce en Parra Grossi no quita que echemos la visa atr\u00e1s con a\u00f1oranza. Don Juan de la Rosa, heredero de la marquesa de Moctezuma, la fundadora del Monte de Piedad y Caja de Ahorros de Ronda, situ\u00f3 a la entidad en la primera de Andaluc\u00eda, merced a sus \u00e9xitos en la obra social y en la brillante gesti\u00f3n que realiz\u00f3 durante la larga etapa al frente de ella. <\/strong><\/p>\n<p align=\"JUSTIFY\"><strong>Se sucedieron bibliotecas, salas de exposiciones pict\u00f3ricas, hogares de jubilados, museos y conservatorios de m\u00fasica&#8230; Eminentes realizaciones que culminaron con la Colonia Infantil de Sabinillas y la residencia para ancianos Parra Grossi, la joyas de la corona de la ampl\u00edsima obra que culminaban con la labor que fue una constante en los cometidos de la Caja: la atenci\u00f3n a la poblaci\u00f3n infantil y a la vejez.<\/strong><\/p>\n<p align=\"JUSTIFY\"><img loading=\"lazy\" src=\"https:\/\/encrypted-tbn0.gstatic.com\/images?q=tbn:ANd9GcQA6zH_j3lphUPMnQl3k8uN7zZ94S4wbjKf1_11RfCFGvIixihmBA\" alt=\"\" width=\"363\" height=\"242\" \/><\/p>\n<p align=\"JUSTIFY\"><strong>La residencia Parra Grossi pierde los antiguos lazos que la manten\u00eda unida a la anta\u00f1o acrisolada Caja de Ahorros. Ya digo,continuar\u00e1 atendiendo a los jubilados que esperan pasar sus a\u00f1os postreros de vida bien atendidos, si es que sus exiguas pensiones se lo permiten \u201cque no est\u00e1 el horno para bollos\u201d, como decimos socarronamente los serranos de pueblos colindantes con Ronda.<\/strong><\/p>\n<p align=\"JUSTIFY\"><strong>No son pocos los que se percatan que de que de la antigua Obra Social se desgajan realizaciones de las que presum\u00edamos los ronde\u00f1os, entre otras esta residencia que don Juan de la Rosa, de perdurable memoria, propici\u00f3 con tino y acendrada inclinaci\u00f3n a proteger los m\u00e1s d\u00e9biles.\u00bf Seguir\u00e1 el cierre o la cesi\u00f3n de la Colonia Infantil que permiti\u00f3 a ni\u00f1os de familias depauperadas del interior ver el mar y solazarse con su presencia? Esperemos que esto no ocurra. Conoc\u00ed y goc\u00e9 de mar merced a esta Obra Social cuando apenas contaba diez a\u00f1os de edad. Una gratificante experiencia para m\u00ed muy dif\u00edcil de olvidar.<\/strong><\/p>\n<p align=\"JUSTIFY\"><strong>Ahora, vencido por los a\u00f1os, espero culminar mi vida en la residencia Parra Grossi, principio y fin de una existencia que espero colme mis aspiraciones de ser una experiencia feliz.<\/strong><\/p>\n","protected":false},"excerpt":{"rendered":"<p>Relevo en la residencia Parra Grossi de Ronda De la antigua Caja de Ahorros de Ronda con el paso del tiempo van quedando menos vestigios. Es como si un hada maligna se entretuviera, sat\u00e1nica, en borrarlos del mundo. Ahora le ha tocado el turno en la residencia de ancianos Parra Grossi instalada en la ahora [&hellip;]<\/p>\n","protected":false},"author":27495,"featured_media":0,"comment_status":"open","ping_status":"open","sticky":false,"template":"","format":"standard","meta":[],"categories":[19],"tags":[778,902,922],"_links":{"self":[{"href":"https:\/\/blogs.diariosur.es\/avuelapluma\/wp-json\/wp\/v2\/posts\/1931"}],"collection":[{"href":"https:\/\/blogs.diariosur.es\/avuelapluma\/wp-json\/wp\/v2\/posts"}],"about":[{"href":"https:\/\/blogs.diariosur.es\/avuelapluma\/wp-json\/wp\/v2\/types\/post"}],"author":[{"embeddable":true,"href":"https:\/\/blogs.diariosur.es\/avuelapluma\/wp-json\/wp\/v2\/users\/27495"}],"replies":[{"embeddable":true,"href":"https:\/\/blogs.diariosur.es\/avuelapluma\/wp-json\/wp\/v2\/comments?post=1931"}],"version-history":[{"count":0,"href":"https:\/\/blogs.diariosur.es\/avuelapluma\/wp-json\/wp\/v2\/posts\/1931\/revisions"}],"wp:attachment":[{"href":"https:\/\/blogs.diariosur.es\/avuelapluma\/wp-json\/wp\/v2\/media?parent=1931"}],"wp:term":[{"taxonomy":"category","embeddable":true,"href":"https:\/\/blogs.diariosur.es\/avuelapluma\/wp-json\/wp\/v2\/categories?post=1931"},{"taxonomy":"post_tag","embeddable":true,"href":"https:\/\/blogs.diariosur.es\/avuelapluma\/wp-json\/wp\/v2\/tags?post=1931"}],"curies":[{"name":"wp","href":"https:\/\/api.w.org\/{rel}","templated":true}]}}