{"id":1934,"date":"2015-01-05T10:14:13","date_gmt":"2015-01-05T09:14:13","guid":{"rendered":"http:\/\/blogs.diariosur.es\/avuelapluma\/?p=1934"},"modified":"2015-01-05T10:14:13","modified_gmt":"2015-01-05T09:14:13","slug":"podemos-en-los-pueblos-del-interior","status":"publish","type":"post","link":"https:\/\/blogs.diariosur.es\/avuelapluma\/2015\/01\/05\/podemos-en-los-pueblos-del-interior\/","title":{"rendered":"\u201cPodemos\u201d en los pueblos del interior"},"content":{"rendered":"<p align=\"JUSTIFY\">\u00a0<img loading=\"lazy\" id=\"irc_ilrp_mut\" src=\"https:\/\/encrypted-tbn1.gstatic.com\/images?q=tbn:ANd9GcQic7IXTUwLkuZmzp8J3R6RIfK71GuTpjz44hWYd0H2lrP93tzOqVksqoU\" alt=\"\" width=\"495\" height=\"278\" data-height=\"393\" data-width=\"495\" \/><\/p>\n<p align=\"JUSTIFY\">\u201c<span style=\"font-size: small;\"><strong>Podemos\u201d en los pueblos del interior<\/strong><\/span><\/p>\n<p align=\"JUSTIFY\"><span style=\"font-size: small;\"><strong>La formaci\u00f3n pol\u00edtica que dirige Pablo Iglesias, el cual es aclamado por sus hueste como l\u00edder indiscutible, est\u00e1 ejerciendo notable influencia en los peque\u00f1os pueblos del interior, entre ellos los que se alinean a lo largo y ancho de la provincia de M\u00e1laga. En un principio pareci\u00f3 que descartaban presentarse a las elecciones municipales de mayo del a\u00f1o que ya se estrena, pero el tir\u00f3n de \u201cPodemos\u201d que no conoce l\u00edneas divisorias peninsulares y propicia que florezcan candidatos por doquier y como margaritas en mayo, da a entender que obvian esta pretensi\u00f3n inicial.<\/strong><\/span><\/p>\n<p align=\"JUSTIFY\"><span style=\"font-size: small;\"><strong>Tal vez persuadidos por quienes denostan a los partidos tradicionales, PP, PSOE e IU, entre otros de menor solvencia y predicamento y se sienten atra\u00eddos en las peque\u00f1as demarcaciones territoriales por la pol\u00edtica, juzgan necesario un cambio radical en los grupos que hasta ahora ven\u00edan ostentado el poder en los consistorios, auspiciando nuevas caras y distintos idearios. Quiz\u00e1 sea eso lo que ha hecho que la directiva del partido emergente haya cambiado sus primigenias intenciones. Naci\u00f3 \u201cPodemos\u201d con las ganas de barrer en todas partes, arrinconando lo que ellos tildan con desprecio como la \u201ccasta\u201d y no parece que vaya hacer o\u00eddos sordos a la demanda que como un clamor surge en buena parte de los territorios peninsulares.<\/strong><\/span><\/p>\n<p lang=\"es-ES\" align=\"JUSTIFY\"><span style=\"font-size: small;\"><strong>Ya no se necesita acudir a denominaciones rimbonbantes (proguesistas y similares) para bautizar los grupos que vayan apareciendo. Se viene a dar por descontado que la designaci\u00f3n de \u201cPodemos\u201d es suficiente para aglutinar las apetencias reivindicativas que se enarbolar\u00e1n como respuesta quienes aspiren a ocupar el sill\u00f3n de primer edil o el de sus ac\u00f3litos en los salones de plenos municipales. <\/strong><\/span><\/p>\n<p lang=\"es-ES\" align=\"JUSTIFY\"><span style=\"font-size: small;\"><strong>Grupos vecinales, hartos de los pol\u00edticos de siempre a quienes dirigen su encono, seguramente abrazar\u00e1n la nov\u00edsima formaci\u00f3n en pueblos de mayor o menor enjundia. Otra cosa es que logren desbancar a los partidos tradicionales que sentaron sus posaderas en los ayuntamientos hasta ahora. Pero existen claros indicios de que lo intentar\u00e1n a toda costa.<\/strong><\/span><\/p>\n<p lang=\"es-ES\" align=\"JUSTIFY\"><span style=\"font-size: small;\"><strong>Los de \u201cPodemos\u201d lo tienen f\u00e1cil. Estamos ante un fen\u00f3meno nuevo que ha sabido atraer todas las miradas, sobre todo los de quienes no pueden ni quieren disimular la rabia hacia buena parte de los pol\u00edticos hasta ahora encumbrados. Esa es su principal baza, y sin duda intentar\u00e1n aprovecharla al m\u00e1ximo. Otra cosa es que su ideario prospere o sus propuestas sean realizables. Si gobiernan ya se ver\u00e1. Por lo pronto no dejan de ser sugestivas.<\/strong><\/span><\/p>\n","protected":false},"excerpt":{"rendered":"<p>\u00a0 \u201cPodemos\u201d en los pueblos del interior La formaci\u00f3n pol\u00edtica que dirige Pablo Iglesias, el cual es aclamado por sus hueste como l\u00edder indiscutible, est\u00e1 ejerciendo notable influencia en los peque\u00f1os pueblos del interior, entre ellos los que se alinean a lo largo y ancho de la provincia de M\u00e1laga. En un principio pareci\u00f3 que [&hellip;]<\/p>\n","protected":false},"author":27495,"featured_media":0,"comment_status":"open","ping_status":"open","sticky":false,"template":"","format":"standard","meta":[],"categories":[18],"tags":[577,829,866],"_links":{"self":[{"href":"https:\/\/blogs.diariosur.es\/avuelapluma\/wp-json\/wp\/v2\/posts\/1934"}],"collection":[{"href":"https:\/\/blogs.diariosur.es\/avuelapluma\/wp-json\/wp\/v2\/posts"}],"about":[{"href":"https:\/\/blogs.diariosur.es\/avuelapluma\/wp-json\/wp\/v2\/types\/post"}],"author":[{"embeddable":true,"href":"https:\/\/blogs.diariosur.es\/avuelapluma\/wp-json\/wp\/v2\/users\/27495"}],"replies":[{"embeddable":true,"href":"https:\/\/blogs.diariosur.es\/avuelapluma\/wp-json\/wp\/v2\/comments?post=1934"}],"version-history":[{"count":0,"href":"https:\/\/blogs.diariosur.es\/avuelapluma\/wp-json\/wp\/v2\/posts\/1934\/revisions"}],"wp:attachment":[{"href":"https:\/\/blogs.diariosur.es\/avuelapluma\/wp-json\/wp\/v2\/media?parent=1934"}],"wp:term":[{"taxonomy":"category","embeddable":true,"href":"https:\/\/blogs.diariosur.es\/avuelapluma\/wp-json\/wp\/v2\/categories?post=1934"},{"taxonomy":"post_tag","embeddable":true,"href":"https:\/\/blogs.diariosur.es\/avuelapluma\/wp-json\/wp\/v2\/tags?post=1934"}],"curies":[{"name":"wp","href":"https:\/\/api.w.org\/{rel}","templated":true}]}}