{"id":1947,"date":"2015-01-16T13:04:57","date_gmt":"2015-01-16T12:04:57","guid":{"rendered":"http:\/\/blogs.diariosur.es\/avuelapluma\/?p=1947"},"modified":"2015-01-16T13:04:57","modified_gmt":"2015-01-16T12:04:57","slug":"presumible-caos-politico","status":"publish","type":"post","link":"https:\/\/blogs.diariosur.es\/avuelapluma\/2015\/01\/16\/presumible-caos-politico\/","title":{"rendered":"Presumible caos pol\u00edtico"},"content":{"rendered":"<p><img loading=\"lazy\" src=\"https:\/\/encrypted-tbn3.gstatic.com\/images?q=tbn:ANd9GcRIl6wrJhiihUIG6V6--MBYOUEdGuFZWjf2nGOHiI3D26OYw71J\" alt=\"\" width=\"450\" height=\"314\" \/><\/p>\n<p>&nbsp;<\/p>\n<p><strong>Presumible caos pol\u00edtico <\/strong><\/p>\n<p><strong>Nuevos y borrascosos vientos soplan sobre el ancho solar de la Espa\u00f1a maltrecha por los episodios de corrupciones que han venido acongoj\u00e1ndola en los \u00faltimos tiempos. Negros y <\/strong><strong>amenazadores nubarrones se ciernen sobre ella,con un horizonte pol\u00edtico y econ\u00f3mico,el cual deja mucho que desear y que resulta del todo impredecible. <\/strong><\/p>\n<p><strong>Con el lastre del separatismo catal\u00e1n (la Catalu\u00f1a irredenta que pregonan los ac\u00e9rrimos defensores del secesionismo agitando banderas subversivas) , corruptelas pol\u00edticas y descomunal paro (25 millones de espa\u00f1olitos al sol) que la azota inmisericorde, entre otros aconteceres de los que no est\u00e1n ausentes la desafecci\u00f3n ciudadana generalizada por los pol\u00edticos que nos rigen,se resquebraja el suelo patrio, removido hasta en sus cimientos. <\/strong><\/p>\n<p><strong> La mete\u00f3rica ascensi\u00f3n de Podemos, afianzada por d\u00edas si hemos de creer las encuestas de uno u otro signo que se nos ofrecen cada d\u00eda, est\u00e1 poniendo en un brete al bipartidismo que hasta ahora daba muestras de firme asentamiento en el pa\u00eds. Puede que las cosas cambien a lo largo del a\u00f1o que acaba de hacer de presencia, pero la fuerza que esgrime el partido emergente ni en sue\u00f1os se pod\u00edan creer que tanto el Partido Popular como el PSOE \u2013 ambos le est\u00e1n viendo los afilados dientes al lobo \u2013 puedan obtener una mayor\u00eda absoluta que les permita gobernar c\u00f3modamente y sin sobresaltos. Pablo Iglesias les hace sentir su aliento en el cogote.<\/strong><\/p>\n<p><strong> Pis\u00e1ndole los talones parece que al menos y admitiendo que populares y socialistas consigan frenar la debacle que hoy por hoy les origina la sangr\u00eda de votos no hace falta ser un gur\u00fa en demoscopia para saber que puede erigirse como tercera fuerza pol\u00edtica a Podemos, a muy poca distancia de los que sus componentes denominan altivamente como la \u201ccasta\u201d. Otra cosa es que aqu\u00e9llos no caigan en la misma distinci\u00f3n dado el agiornamiento en que ellos mismos han incurrido retract\u00e1ndose de sus primitivas aseveraciones, entre ellas las de la reestructuraci\u00f3n de la deuda p\u00fablica o el salario social indiscriminado, el cual no deja de ser del todo inviable dado nuestra precaria situaci\u00f3n econ\u00f3mica. Veremos que pasa en la manifestaci\u00f3n anunciada en la madrile\u00f1a Puerta del Sol, un lugar de profunda significaci\u00f3n hist\u00f3rica (acogi\u00f3 la proclama de la II Rep\u00fablica de abril de 1931) y fue lugar de concentraci\u00f3n de los indignados del 15M de mayo de 2011.<\/strong><\/p>\n<p><strong> Los partidos pol\u00edticos ya consolidados y con experiencia de gobierno del pa\u00eds se van a enfrentar con otros que no tocaron poder pero que han experimentado transformaciones internas y que se disponen a dar guerra, caso de Ciudadanos de Rivera y la UPyD de Rosa D\u00edez, los cuales est\u00e1n limando asperezas para concurrir juntos a las pr\u00f3ximas elecciones municipales y auton\u00f3micas. No es el caso de IU que parece desmoronarse por momentos.<\/strong><\/p>\n<p><strong> \u00bfQui\u00e9n nos gobernar\u00e1 en ese futuro inminente que parece llamar con insistencia a las puertas? Todo hace pensar que resquebrajar\u00e1 el mapa pol\u00edtico actual tal como ahora est\u00e1 configurado. Se barrunta uno, y no cree desbarrar, que asistiremos a un panorama harto ca\u00f3tico de consecuencias impredecibles.<\/strong><\/p>\n","protected":false},"excerpt":{"rendered":"<p>&nbsp; Presumible caos pol\u00edtico Nuevos y borrascosos vientos soplan sobre el ancho solar de la Espa\u00f1a maltrecha por los episodios de corrupciones que han venido acongoj\u00e1ndola en los \u00faltimos tiempos. Negros y amenazadores nubarrones se ciernen sobre ella,con un horizonte pol\u00edtico y econ\u00f3mico,el cual deja mucho que desear y que resulta del todo impredecible. Con [&hellip;]<\/p>\n","protected":false},"author":27495,"featured_media":0,"comment_status":"open","ping_status":"open","sticky":false,"template":"","format":"standard","meta":[],"categories":[18],"tags":[182,403,832],"_links":{"self":[{"href":"https:\/\/blogs.diariosur.es\/avuelapluma\/wp-json\/wp\/v2\/posts\/1947"}],"collection":[{"href":"https:\/\/blogs.diariosur.es\/avuelapluma\/wp-json\/wp\/v2\/posts"}],"about":[{"href":"https:\/\/blogs.diariosur.es\/avuelapluma\/wp-json\/wp\/v2\/types\/post"}],"author":[{"embeddable":true,"href":"https:\/\/blogs.diariosur.es\/avuelapluma\/wp-json\/wp\/v2\/users\/27495"}],"replies":[{"embeddable":true,"href":"https:\/\/blogs.diariosur.es\/avuelapluma\/wp-json\/wp\/v2\/comments?post=1947"}],"version-history":[{"count":0,"href":"https:\/\/blogs.diariosur.es\/avuelapluma\/wp-json\/wp\/v2\/posts\/1947\/revisions"}],"wp:attachment":[{"href":"https:\/\/blogs.diariosur.es\/avuelapluma\/wp-json\/wp\/v2\/media?parent=1947"}],"wp:term":[{"taxonomy":"category","embeddable":true,"href":"https:\/\/blogs.diariosur.es\/avuelapluma\/wp-json\/wp\/v2\/categories?post=1947"},{"taxonomy":"post_tag","embeddable":true,"href":"https:\/\/blogs.diariosur.es\/avuelapluma\/wp-json\/wp\/v2\/tags?post=1947"}],"curies":[{"name":"wp","href":"https:\/\/api.w.org\/{rel}","templated":true}]}}