{"id":1949,"date":"2015-01-19T11:16:02","date_gmt":"2015-01-19T10:16:02","guid":{"rendered":"http:\/\/blogs.diariosur.es\/avuelapluma\/?p=1949"},"modified":"2015-01-19T11:16:02","modified_gmt":"2015-01-19T10:16:02","slug":"senectud-gratificante","status":"publish","type":"post","link":"https:\/\/blogs.diariosur.es\/avuelapluma\/2015\/01\/19\/senectud-gratificante\/","title":{"rendered":"Senectud gratificante"},"content":{"rendered":"<p>&nbsp;<\/p>\n<p align=\"JUSTIFY\"><strong>Senectud gratificante<\/strong><\/p>\n<p align=\"JUSTIFY\">\n<p align=\"JUSTIFY\"><img loading=\"lazy\" id=\"irc_mi\" src=\"\/\/cine-invisible.blogs.fotogramas.es\/files\/2011\/03\/petite41.jpg\" alt=\"\" width=\"478\" height=\"258\" \/><\/p>\n<p align=\"JUSTIFY\"><strong>Es un axioma que la vejez trae consigo el decaimiento personal y que arrastra tras de s\u00ed incontables achaques. Es cierto. Inexorable, el paso del tiempo que no perdona va dejando sus marcas indeleblemente en el cuerpo y en el alma; no sabemos cu\u00e1l de las dos m\u00e1s nos hiere, aunque como dicen mis paisanos ronde\u00f1os, las arrugas del esp\u00edritu nos hacen m\u00e1s viejos que las de la cara. <\/strong><\/p>\n<p align=\"JUSTIFY\">\u201c<strong><em>Teme a la vejez, pues nunca viene sola\u201d<\/em>, dijo Plat\u00f3n. Pero en contra del pensador heleno, los que ya remontamos las \u00faltimas etapas de la existencia no debemos dejarnos ganar por la pesadumbre o el hast\u00edo, dos sentimientos que junto a los de la desesperanza y la soledad hacen presa no pocas veces en nuestro \u00e1nimo. <\/strong><\/p>\n<p align=\"JUSTIFY\"><strong>\u00bfPor qu\u00e9 raz\u00f3n los que ya dejamos atr\u00e1s los 70 a\u00f1os o los que est\u00e1n pr\u00f3ximo a cumplirlos debemos renunciar a esas peque\u00f1as cosas que nos hicieron amable la vida hasta llegar a esa frontera que marca un antes y un despu\u00e9s en nuestras vidas? \u201c<em>A la vejez,viruelas<\/em>, dicen con su secular socarroner\u00eda los serranos ronde\u00f1os cuando ven c\u00f3mo una persona mayor hace o dice algo que es m\u00e1s com\u00fan verle hacer u o\u00edrle decir a la gente joven que no peinan canas.<\/strong><\/p>\n<p align=\"JUSTIFY\"><strong>Con los a\u00f1os se nos acrecienta el deseo de llevar a cabo aquello que por los agobios del trabajo o por lo no menos penoso de sacar adelante una familia siempre soslayamos. Ahora es tiempo de que hagamos el viaje o la excursi\u00f3n siempre pospuesta o de leer el libro que compramos a\u00f1os ha pero que duerme en los anaqueles del hogar el sue\u00f1o de los justos, aunque no deja de ser verdad el dicho de que la vejez es m\u00e1s propicia a releer que a leer; volvamos, pues, a la lectura de los autores que en su d\u00eda nos deleitaron y entresaquemos las p\u00e1ginas las cuales marcamos para volver a ellas de manera m\u00e1s reposada.<\/strong><\/p>\n<p align=\"JUSTIFY\"><strong>Si vive tierras adentro procure llegar hasta el interior para solazarse con las vistas panor\u00e1micas de las sierras y los escarpados montes que ocultan o acogen como madre a pueblos blancos y pintorescos. Si las fuerzas nos lo permiten conquistemos sus crestas y pin\u00e1culos, buenos lugares para pensar en que envejecer, como dec\u00eda el cineasta Ingmar Bergman, buen aficionado de los parajes olvidados, es como escalar una gran monta\u00f1a: mientras se sube las fuerzas disminuyen, pero la mirada es m\u00e1s libre, la vista m\u00e1s amplia y serena. Si su existencia transcurri\u00f3 en parajes montuosos venga con frecuencia a los lugares que tienen como frontera esplenderosa el mar insondable.<\/strong> <strong>Igualmente encontrar\u00e1 la serenidad del esp\u00edritu en sus inmediaciones.<\/strong><\/p>\n<p align=\"JUSTIFY\"><strong>Un consejo de amigo: no se deja llevar por los arrebatos que proporcionan el seguimiento desmedido por la pol\u00edtica y sus protagonistas. Lo mejor es contemplar su acontecer estableciendo una distancia prudencial. Descarte los acaloramientos que a nada conducen. Contemplemos con tranquilidad y hasta con cierta sorna los rifirrafes de los pol\u00edticos, las diatribas que protagonizan y su denodado empe\u00f1o por tocar o permanecer en el poder.<\/strong><\/p>\n<p align=\"JUSTIFY\"><strong>Y no hagamos el menor caso a quienes sin decirlo nos consideran ancianos; olvidan que los \u00e1rboles m\u00e1s viejos ofrecen los frutos m\u00e1s apetitosos. <\/strong><\/p>\n<p align=\"JUSTIFY\"><strong>En cuanto a la actitud y costumbres que hemos de adoptar para una senectud gratificante tengamos cerca vieja madera para arder, viejo vino para beber, viejos amigos en quienes confiar, y viejos autores para para leer. Una m\u00e1xima que no debemos echar en saco roto. <\/strong><\/p>\n","protected":false},"excerpt":{"rendered":"<p>&nbsp; Senectud gratificante Es un axioma que la vejez trae consigo el decaimiento personal y que arrastra tras de s\u00ed incontables achaques. Es cierto. Inexorable, el paso del tiempo que no perdona va dejando sus marcas indeleblemente en el cuerpo y en el alma; no sabemos cu\u00e1l de las dos m\u00e1s nos hiere, aunque como [&hellip;]<\/p>\n","protected":false},"author":27495,"featured_media":0,"comment_status":"open","ping_status":"open","sticky":false,"template":"","format":"standard","meta":[],"categories":[5],"tags":[945,1061],"_links":{"self":[{"href":"https:\/\/blogs.diariosur.es\/avuelapluma\/wp-json\/wp\/v2\/posts\/1949"}],"collection":[{"href":"https:\/\/blogs.diariosur.es\/avuelapluma\/wp-json\/wp\/v2\/posts"}],"about":[{"href":"https:\/\/blogs.diariosur.es\/avuelapluma\/wp-json\/wp\/v2\/types\/post"}],"author":[{"embeddable":true,"href":"https:\/\/blogs.diariosur.es\/avuelapluma\/wp-json\/wp\/v2\/users\/27495"}],"replies":[{"embeddable":true,"href":"https:\/\/blogs.diariosur.es\/avuelapluma\/wp-json\/wp\/v2\/comments?post=1949"}],"version-history":[{"count":0,"href":"https:\/\/blogs.diariosur.es\/avuelapluma\/wp-json\/wp\/v2\/posts\/1949\/revisions"}],"wp:attachment":[{"href":"https:\/\/blogs.diariosur.es\/avuelapluma\/wp-json\/wp\/v2\/media?parent=1949"}],"wp:term":[{"taxonomy":"category","embeddable":true,"href":"https:\/\/blogs.diariosur.es\/avuelapluma\/wp-json\/wp\/v2\/categories?post=1949"},{"taxonomy":"post_tag","embeddable":true,"href":"https:\/\/blogs.diariosur.es\/avuelapluma\/wp-json\/wp\/v2\/tags?post=1949"}],"curies":[{"name":"wp","href":"https:\/\/api.w.org\/{rel}","templated":true}]}}