{"id":1952,"date":"2015-01-21T11:28:27","date_gmt":"2015-01-21T10:28:27","guid":{"rendered":"http:\/\/blogs.diariosur.es\/avuelapluma\/?p=1952"},"modified":"2015-01-21T11:28:27","modified_gmt":"2015-01-21T10:28:27","slug":"nuevas-caras-para-las-elecciones-municipales","status":"publish","type":"post","link":"https:\/\/blogs.diariosur.es\/avuelapluma\/2015\/01\/21\/nuevas-caras-para-las-elecciones-municipales\/","title":{"rendered":"Nuevas caras para las elecciones municipales"},"content":{"rendered":"<p align=\"JUSTIFY\"><strong><img loading=\"lazy\" id=\"irc_mi\" src=\"\/\/www.bovedadelrioalmar.es\/imagenes\/varios\/ayuntamiento.png\" alt=\"\" width=\"393\" height=\"393\" \/><\/strong><\/p>\n<p align=\"JUSTIFY\"><strong>Se vislumbran ya en la lontananza los comicios llamados a remover de su asiento a alcaldes y concejales desde el villorrio m\u00e1s insignificante a la m\u00e1s populosa ciudad. Y en esta tesitura a corto plazo- mayo est\u00e1 a la vuelta de la esquina \u2013 los ciudadanos cabreados y desafectos por los pol\u00edticos que siempre han venido copando las diversas estancias del poder en lo que toca a las elecciones municipales y auton\u00f3micas tengo para m\u00ed que ver\u00edan con buenos ojos que al panorama pol\u00edtico de nuestros pueblos, provincias y autonom\u00edas se asomen caras nuevas.<\/strong><\/p>\n<p align=\"JUSTIFY\"><strong>No parece prudente por muy democr\u00e1ticas que sean las formas de su elecci\u00f3n que los pol\u00edticos se perpet\u00faen en sus poltronas indefinidamente. La gente est\u00e1 harta de corrupciones, mangoneos y trapisondas que con muy honrosas excepciones -no todos responden al mismo patr\u00f3n, afortunadamente- se vienen produciendo entre los ediles en el ejercicio de sus funciones en los \u00faltimos tiempos en algunas de las numerosas administraciones p\u00fablicas.<\/strong><\/p>\n<p align=\"JUSTIFY\"><strong>Nuevos tiempos, calamitosos por cierto, demandan urgentemente caras nuevas, solo por ver si las cosas cambian de rumbo y se enderezan all\u00ed donde ven\u00edan siendo perniciosas para los mun\u00edcipes.<\/strong><\/p>\n<p align=\"JUSTIFY\"><strong>En los pueblos de poca monta los concejales ejercen su trabajo, como decimos los ronde\u00f1os, \u201c por amor al arte\u201d, o sea con sin beneficios pecuniarios, aunque la satisfacci\u00f3n personal sea de consideraci\u00f3n. Otra cosa es distinta en lo que se refiere al primer edil, el cual si tiene derecho a puntual soldada mensual. Pero como de las listas m\u00e1s votadas saldr\u00e1n el mayor n\u00famero de concejales,adem\u00e1s de los pactos entre formaciones que nunca faltan tras los comicios, y como en \u00e9stos recae la misi\u00f3n de elegir alcaldes, mucho importa que se asomen al panorama pol\u00edtico de los municipios nuevas caras que impulsen gobiernos distintos de los que hasta ahora se han sucedidos y en los que se perpetuaron figuras de alcaldes que ya deber\u00edan pasar a la reserva con el agradecimiento de los servicios prestados.<\/strong><\/p>\n<p align=\"JUSTIFY\"><strong>Vaya como colof\u00f3n una frase de un pensador argentino, Horacio Amez\u00faa, que no me resisto a reproducir <\/strong>&#8220;<strong>Todo aquello por lo que luchamos y en lo que creemos -la libertad, la igualdad, la justicia- encuentra su m\u00e1xima expresi\u00f3n en el despacho de un concejal, pues es all\u00ed d\u00f3nde todos esos valores se concretan en personas con rostro&#8221; .<\/strong><\/p>\n","protected":false},"excerpt":{"rendered":"<p>Se vislumbran ya en la lontananza los comicios llamados a remover de su asiento a alcaldes y concejales desde el villorrio m\u00e1s insignificante a la m\u00e1s populosa ciudad. Y en esta tesitura a corto plazo- mayo est\u00e1 a la vuelta de la esquina \u2013 los ciudadanos cabreados y desafectos por los pol\u00edticos que siempre han [&hellip;]<\/p>\n","protected":false},"author":27495,"featured_media":0,"comment_status":"open","ping_status":"open","sticky":false,"template":"","format":"standard","meta":[],"categories":[22],"tags":[65,255,406],"_links":{"self":[{"href":"https:\/\/blogs.diariosur.es\/avuelapluma\/wp-json\/wp\/v2\/posts\/1952"}],"collection":[{"href":"https:\/\/blogs.diariosur.es\/avuelapluma\/wp-json\/wp\/v2\/posts"}],"about":[{"href":"https:\/\/blogs.diariosur.es\/avuelapluma\/wp-json\/wp\/v2\/types\/post"}],"author":[{"embeddable":true,"href":"https:\/\/blogs.diariosur.es\/avuelapluma\/wp-json\/wp\/v2\/users\/27495"}],"replies":[{"embeddable":true,"href":"https:\/\/blogs.diariosur.es\/avuelapluma\/wp-json\/wp\/v2\/comments?post=1952"}],"version-history":[{"count":0,"href":"https:\/\/blogs.diariosur.es\/avuelapluma\/wp-json\/wp\/v2\/posts\/1952\/revisions"}],"wp:attachment":[{"href":"https:\/\/blogs.diariosur.es\/avuelapluma\/wp-json\/wp\/v2\/media?parent=1952"}],"wp:term":[{"taxonomy":"category","embeddable":true,"href":"https:\/\/blogs.diariosur.es\/avuelapluma\/wp-json\/wp\/v2\/categories?post=1952"},{"taxonomy":"post_tag","embeddable":true,"href":"https:\/\/blogs.diariosur.es\/avuelapluma\/wp-json\/wp\/v2\/tags?post=1952"}],"curies":[{"name":"wp","href":"https:\/\/api.w.org\/{rel}","templated":true}]}}