{"id":1959,"date":"2015-01-27T10:36:14","date_gmt":"2015-01-27T09:36:14","guid":{"rendered":"http:\/\/blogs.diariosur.es\/avuelapluma\/?p=1959"},"modified":"2015-01-27T10:36:14","modified_gmt":"2015-01-27T09:36:14","slug":"ronda-infinita-un-proyecto-ilusionante","status":"publish","type":"post","link":"https:\/\/blogs.diariosur.es\/avuelapluma\/2015\/01\/27\/ronda-infinita-un-proyecto-ilusionante\/","title":{"rendered":"\u201cRonda Infinita\u201d, un proyecto ilusionante"},"content":{"rendered":"<p align=\"JUSTIFY\">\u201c<strong>Ronda Infinita\u201d, un proyecto ilusionante<\/strong><\/p>\n<p align=\"JUSTIFY\">\u00a0<img src=\"\/\/r-ec.bstatic.com\/images\/hotel\/840x460\/748\/7487742.jpg\" alt=\"http:\/\/r-ec.bstatic.com\/images\/hotel\/840x460\/748\/7487742.jpg\" \/><\/p>\n<p align=\"JUSTIFY\"><strong>El proyecto en s\u00ed vale la pena se mire por donde se mire y sea cual sea la formaci\u00f3n pol\u00edtica que lo plantea, porque lo que importa es que Ronda y sus pueblos se promocionen y sean, si no lo son ya, un referente en el panorama del interior de la provincia de M\u00e1laga. En este caso, y como dan a conocer la concejal de Turismo, Isabel Barriga y el responsable de la entidad Tursimo de Ronda, Sergio Sede\u00f1o, de lo que se trata es de aunar esfuerzos y de que se den la mano la Ciudad del Tajo y los pueblos lim\u00edtrofes para caminar al mismo paso con el objetivo de que los turistas que nos visitan no lo sean por un solo d\u00eda. <\/strong><\/p>\n<p align=\"JUSTIFY\"><strong>O seo y esto, y esto lo a\u00f1adimos nosotros, el caso del turista de ida y vuelta, que, aunque siempre ser\u00e1 bien recibido, no siempre responde a las expectativas de la industria del sector, a saber, restaurantes, bares, casas de turismo rural que desear\u00edan una estancia m\u00e1s prolongada.<\/strong><\/p>\n<p align=\"JUSTIFY\"><strong>Coloc\u00e1ndose a Ronda como principal protagonista del empe\u00f1o que va a dinamizar el turismo en la zona se pretende implicar a la cincuentena de pueblos circundantes a mayor o menor distancia para formar un frente com\u00fan en el que cada uno de los municipios invitados expongan lo mejor de cada uno en cualquiera de los conceptos que abarquen paisaje, monumentos naturales y debidos a la mano del hombre y gastronom\u00eda peculiar de todos y cada uno de ellos.<\/strong><\/p>\n<p align=\"JUSTIFY\"><strong>Un mapa pormenorizado para desplegar a touroperadores y empresas afines, am\u00e9n de la pr\u00f3xima FITUR, el mapa pormenorizado de los lugares que pueden elegir para disfrute de sus d\u00edas de ocio. Hay, pues, tela donde cortar, porque los atractivos de nuestros pueblos empe\u00f1ados desde tiempos ha en ser blancos y refulgentes al sempiterno sol que los ilumina, son incontables e imperecederos.<\/strong><\/p>\n<p align=\"JUSTIFY\"><strong>No deber\u00edan nuestros ayuntamientos pasar por alto esta ocasi\u00f3n que se les ofrece para hacer un frente com\u00fan con Ronda con la vista puesta en que el turista de turno no lo sea solo de paso, y a rengl\u00f3n seguido se vaya a comer y dormir a la costa, sino que encuentren agradable permanecer aqu\u00ed m\u00e1s de un d\u00eda.<\/strong><\/p>\n<p align=\"JUSTIFY\"><strong>Nuestros pueblos, cargados de historias, vetustos pero limpios, ofrecen mil posibilidades para el disfrute de los sentidos.\u201dRonda Infinita\u201d es la ocasi\u00f3n de conseguirlo. Sub\u00e1monos al carro que se nos brinda.<\/strong><\/p>\n<p align=\"JUSTIFY\"><img loading=\"lazy\" src=\"\/\/r-ec.bstatic.com\/images\/hotel\/square200\/447\/447793.jpg\" alt=\"Molino Del Santo\" width=\"200\" height=\"200\" data-google-track=\"Click\/sr_item_main_photo\/0\" \/><\/p>\n<p align=\"JUSTIFY\">Fotos: Hotel en Benaoj\u00e1n<\/p>\n","protected":false},"excerpt":{"rendered":"<p>\u201cRonda Infinita\u201d, un proyecto ilusionante \u00a0 El proyecto en s\u00ed vale la pena se mire por donde se mire y sea cual sea la formaci\u00f3n pol\u00edtica que lo plantea, porque lo que importa es que Ronda y sus pueblos se promocionen y sean, si no lo son ya, un referente en el panorama del interior [&hellip;]<\/p>\n","protected":false},"author":27495,"featured_media":0,"comment_status":"open","ping_status":"open","sticky":false,"template":"","format":"standard","meta":[],"categories":[21],"tags":[540,958,1031],"_links":{"self":[{"href":"https:\/\/blogs.diariosur.es\/avuelapluma\/wp-json\/wp\/v2\/posts\/1959"}],"collection":[{"href":"https:\/\/blogs.diariosur.es\/avuelapluma\/wp-json\/wp\/v2\/posts"}],"about":[{"href":"https:\/\/blogs.diariosur.es\/avuelapluma\/wp-json\/wp\/v2\/types\/post"}],"author":[{"embeddable":true,"href":"https:\/\/blogs.diariosur.es\/avuelapluma\/wp-json\/wp\/v2\/users\/27495"}],"replies":[{"embeddable":true,"href":"https:\/\/blogs.diariosur.es\/avuelapluma\/wp-json\/wp\/v2\/comments?post=1959"}],"version-history":[{"count":0,"href":"https:\/\/blogs.diariosur.es\/avuelapluma\/wp-json\/wp\/v2\/posts\/1959\/revisions"}],"wp:attachment":[{"href":"https:\/\/blogs.diariosur.es\/avuelapluma\/wp-json\/wp\/v2\/media?parent=1959"}],"wp:term":[{"taxonomy":"category","embeddable":true,"href":"https:\/\/blogs.diariosur.es\/avuelapluma\/wp-json\/wp\/v2\/categories?post=1959"},{"taxonomy":"post_tag","embeddable":true,"href":"https:\/\/blogs.diariosur.es\/avuelapluma\/wp-json\/wp\/v2\/tags?post=1959"}],"curies":[{"name":"wp","href":"https:\/\/api.w.org\/{rel}","templated":true}]}}