{"id":1981,"date":"2015-02-12T09:49:20","date_gmt":"2015-02-12T08:49:20","guid":{"rendered":"http:\/\/blogs.diariosur.es\/avuelapluma\/?p=1981"},"modified":"2015-02-12T09:49:20","modified_gmt":"2015-02-12T08:49:20","slug":"huertos-urbanos-en-ronda","status":"publish","type":"post","link":"https:\/\/blogs.diariosur.es\/avuelapluma\/2015\/02\/12\/huertos-urbanos-en-ronda\/","title":{"rendered":"Huertos urbanos en Ronda"},"content":{"rendered":"<div>\n<div id=\"c_base\">\n<div id=\"c_content\">\n<div id=\"pageContent\">\n<div id=\"pageInbox\">\n<div id=\"inboxControl0f\">\n<div data-link=\"class{:~tag.contentRightClass(Layout.IsFullView, Layout.ReadingPaneMode)}\">\n<div>\n<div id=\"inboxControl0fv-ReadMessageContainer\">\n<div data-link=\"class{readMessageClass: ~tag.Show}\">\n<div id=\"ReadMessageScrollableSection\">\n<div id=\"readMessagePartControl676f\" data-link=\"class{:~tag.getHeaderCssClass(IsConversationPart, IsRead, IsDraft, IsTrustedSender, Items.length)}\">\n<div data-link=\"class{getClass:IsBodyExpanded}\">\n<div>\n<div id=\"bodyreadMessagePartBodyControl678f\" data-link=\"class{:~tag.cssClasses(PlainText, IsContentFiltered)}\">\n<div dir=\"ltr\"><\/div>\n<div dir=\"ltr\"><img src=\"\/\/www.biomanantial.com\/images\/revista\/OBSSocial_Huerta550.JPG\" alt=\"\" \/><\/div>\n<div dir=\"ltr\"><strong>No se pod\u00eda haber tomado mejor iniciativa por parte del Consistorio ronde\u00f1o en beneficio de los mayores de edad, aqu\u00e9llos que saben de amanecidas y escarchas y que Miguel Hern\u00e1ndez, el llamado certeramente poeta del pueblo cant\u00f3 en versos inolvidables.\u201dPor el circo de enero\/ de la majada m\u00eda\/mi calzado cabrero\/a la escarcha sal\u00eda\u201d. Los m\u00e1s viejos de los sempiternos pueblos blancos de la Serran\u00eda agradecen decisiones es como \u00e9sta que vienen a paliar las horas muertas de su deambular sin tener poco o nada entre manos para hacer.\u00a0<\/strong><br \/>\n<strong>\u00a0 \u00a0Encontrarse otra vez con el terru\u00f1o que en su d\u00eda abandonaron por raz\u00f3n de la edad,pero hacerlo por pura complacencia y dedicarle no m\u00e1s de lo que se les pueda pedir a sus exiguas fuerzas es un favor que se les hace y que suponemos agradecer\u00e1n sin tasa.<\/strong><br \/>\n<strong>\u00a0 \u00a0En la zona donde Ronda pierde su fisonom\u00eda de ciudad populosa y los edificios ralean o no llegaron para nada a su entorno el Consistorio va a acondicionar m\u00e1s de una cuarentena de parcelas \u2013 alrededor de 100.000 euros saldr\u00e1n de sus arcas para el ilusionante proyecto,que tendr\u00e1 el apoyo de Silvema -, que vendr\u00e1n a cumplir adem\u00e1s una funci\u00f3n social: los huertos pueden as\u00ed mismo satisfacer parte de la demanda de algunas familias necesitadas, con lo que su realizaci\u00f3n puede tener un doble beneficio para la ciudadan\u00eda.<\/strong><br \/>\n<strong>\u00a0 \u00a0Puede que \u00e9sta inversi\u00f3n tenga mucho que ver con el momento de pl\u00e9tora que vive la hacienda municipal. Se da por pr\u00e1cticamente saldada la deuda mantenida tiempo ha con los proveedores, seg\u00fan anunci\u00f3 d\u00edas atr\u00e1s, no sin satisfacci\u00f3n la alcaldesa, Mar\u00eda Paz Fern\u00e1ndez (PP), con lo que no es aventurado augurar nuevos tiempos para el Ayuntamiento. Es lo que tiene sanear las cuentas municipales: pueden permitir la financiaci\u00f3n de planes que redunden en beneficio de los ciudadanos, que a final de cuenta es el que debe recibir el provecho de iun buen hacer. Que cunda el ejemplo.<\/strong><\/div>\n<\/div>\n<\/div>\n<\/div>\n<\/div>\n<\/div>\n<\/div>\n<\/div>\n<\/div>\n<div><\/div>\n<\/div>\n<div id=\"RightRailContainer\">\n<div id=\"RadAd_Skyscraper\">\n<div id=\"adbarContainer\">\n<div><\/div>\n<div><\/div>\n<\/div>\n<\/div>\n<\/div>\n<div><\/div>\n<\/div>\n<\/div>\n<\/div>\n<\/div>\n<\/div>\n<div id=\"m_whm\"><\/div>\n<div id=\"m_mm\"><\/div>\n<\/div>\n<p><iframe loading=\"lazy\" id=\"telemetryIframe\" src=\"https:\/\/skypewebexperience.live.com\/content\/3-14-1802\/telemetry-iframe-outlook.html?sts=1423730557432&#038;sessionid=67364c12-1b57-43ca-60e8-91b94e9464f4&#038;hostproperty=outlook&#038;origin=https%3A%2F%2Fdub130.mail.live.com&#038;dynamicConfig=%7B%22Data%22%3A%7B%22visitorSampling%22%3A0.001%7D%7D\" width=\"0\" height=\"0\"><\/iframe><iframe loading=\"lazy\" id=\"SWEiFrame\" src=\"https:\/\/skypewebexperience.live.com\/content\/3-14-1802\/swe-iframe.html?sts=1423730557516&#038;sessionid=67364c12-1b57-43ca-60e8-91b94e9464f4&#038;hostproperty=outlook&#038;origin=dub130.mail.live.com\" width=\"0\" height=\"0\"><\/iframe><\/p>\n","protected":false},"excerpt":{"rendered":"<p>No se pod\u00eda haber tomado mejor iniciativa por parte del Consistorio ronde\u00f1o en beneficio de los mayores de edad, aqu\u00e9llos que saben de amanecidas y escarchas y que Miguel Hern\u00e1ndez, el llamado certeramente poeta del pueblo cant\u00f3 en versos inolvidables.\u201dPor el circo de enero\/ de la majada m\u00eda\/mi calzado cabrero\/a la escarcha sal\u00eda\u201d. Los m\u00e1s [&hellip;]<\/p>\n","protected":false},"author":27495,"featured_media":0,"comment_status":"open","ping_status":"open","sticky":false,"template":"","format":"standard","meta":[],"categories":[19],"tags":[87,545,922],"_links":{"self":[{"href":"https:\/\/blogs.diariosur.es\/avuelapluma\/wp-json\/wp\/v2\/posts\/1981"}],"collection":[{"href":"https:\/\/blogs.diariosur.es\/avuelapluma\/wp-json\/wp\/v2\/posts"}],"about":[{"href":"https:\/\/blogs.diariosur.es\/avuelapluma\/wp-json\/wp\/v2\/types\/post"}],"author":[{"embeddable":true,"href":"https:\/\/blogs.diariosur.es\/avuelapluma\/wp-json\/wp\/v2\/users\/27495"}],"replies":[{"embeddable":true,"href":"https:\/\/blogs.diariosur.es\/avuelapluma\/wp-json\/wp\/v2\/comments?post=1981"}],"version-history":[{"count":0,"href":"https:\/\/blogs.diariosur.es\/avuelapluma\/wp-json\/wp\/v2\/posts\/1981\/revisions"}],"wp:attachment":[{"href":"https:\/\/blogs.diariosur.es\/avuelapluma\/wp-json\/wp\/v2\/media?parent=1981"}],"wp:term":[{"taxonomy":"category","embeddable":true,"href":"https:\/\/blogs.diariosur.es\/avuelapluma\/wp-json\/wp\/v2\/categories?post=1981"},{"taxonomy":"post_tag","embeddable":true,"href":"https:\/\/blogs.diariosur.es\/avuelapluma\/wp-json\/wp\/v2\/tags?post=1981"}],"curies":[{"name":"wp","href":"https:\/\/api.w.org\/{rel}","templated":true}]}}