{"id":2545,"date":"2016-05-02T22:28:58","date_gmt":"2016-05-02T20:28:58","guid":{"rendered":"http:\/\/blogs.diariosur.es\/avuelapluma\/?p=2545"},"modified":"2016-05-02T22:28:58","modified_gmt":"2016-05-02T20:28:58","slug":"pinsapar-una-editorial-con-sabor-rondeno-y-andaluz","status":"publish","type":"post","link":"https:\/\/blogs.diariosur.es\/avuelapluma\/2016\/05\/02\/pinsapar-una-editorial-con-sabor-rondeno-y-andaluz\/","title":{"rendered":"Pinsapar, una editorial con sabor ronde\u00f1o y andaluz"},"content":{"rendered":"<p align=\"JUSTIFY\"><a href=\"http:\/\/edicionespinsapar.com\/images\/gallery\/Presentacion3.jpg\" rel=\"external nofollow\"><img loading=\"lazy\" src=\"\/\/edicionespinsapar.com\/images\/gallery\/Presentacion3.jpg\" alt=\"Presentacion Libro Prehistoria 4\" width=\"290\" height=\"210\" \/><\/a><\/p>\n<p align=\"JUSTIFY\"><span style=\"font-family: Arial Black, sans-serif;\"><span style=\"font-size: small;\"><em>Pinsapar<\/em>, una editorial con sabor ronde\u00f1o y andaluz<\/span><\/span><\/p>\n<p align=\"JUSTIFY\"><span style=\"font-family: Arial Black, sans-serif;\"><span>JOS\u00c9 BECERRA<\/span><\/span><\/p>\n<p align=\"JUSTIFY\"><span style=\"font-family: Arial Black, sans-serif;\"><span style=\"font-size: small;\"><em>Ediciones Pinsapar <\/em>naci\u00f3 del pueblo y tiene como meta divulgar la historia,y m\u00e1s que \u00e9sta la intrahistoria de los pueblos, entendida \u00e9sta expresi\u00f3n como la dej\u00f3 asentada Miguel de Unamuno cuando se refer\u00eda a la vida tradicional que en reducidas ocasiones ocupa los medios de comunicaci\u00f3n de masas modernos. Es el trasfondo de la historia, a saber, lo que no aparece en las obras de divulgaci\u00f3n al uso, pero que posee una importancia crucial para conocer exhaustivamente las ra\u00edces de pueblos y comunidades humanas perdidas en las noches obscuras de los tiempos que nos dejaron huellas de sus vivencias, arte, modos de superar las trabas naturales de la Naturaleza recurriendo a lo que \u00e9sta ofrec\u00eda espont\u00e1neamente pero que de alguna manera sirvieron para el inicio de la agricultura y los medios de supervivencia posteriores.<\/span><\/span><\/p>\n<p align=\"JUSTIFY\"><span style=\"font-family: Arial Black, sans-serif;\"><span style=\"font-size: small;\">\u00a0 Pero <em>Pinsapar<\/em> se ocupa adem\u00e1s, como su fundador Manuel Becerra Parra aclara del \u201cpatrimonio natural y cultural de Andaluc\u00eda\u201d, un proyecto ambicioso y una inmersi\u00f3n en el pasado de esta tierra en la que residen substratos evidentes de nuestro pasado desde la Prehistoria.<\/span><\/span><\/p>\n<p align=\"JUSTIFY\"><span style=\"font-family: Arial Black, sans-serif;\"><span style=\"font-size: small;\">\u00a0 Autores de esta editorial todav\u00eda incipiente se vienen esforzando en desentra\u00f1ar esos tiempos nebulosos perdidos en las brumas de siglos plasmando sus conocimientos en libros cuidadosamente editados al alcance de lectores \u00e1vidos de conocer un pasado de cuya raigambre vivieron las generaciones posteriores hasta llegar al presente. <\/span><\/span><\/p>\n<p align=\"JUSTIFY\"><span style=\"font-family: Arial Black, sans-serif;\"><span style=\"font-size: small;\">\u00a0 \u00a0 En su todav\u00eda corta existencia \u2013 un par de a\u00f1os atr\u00e1s &#8211; ediciones Pinsapar dio a la imprenta obras que hablan a las claras de su vocaci\u00f3n decidida por profundizar en los cimientos de algunos de los pueblos de la provincia de M\u00e1laga dentro de sus colecciones Ancestros (<em>M\u00e1laga en el origen del arte prehist\u00f3rico europeo, Cueva de Ardales&#8230;), <\/em>Biblioteca de Estudios de Ronda y la Serran\u00eda ( <em>Antig\u00fcedades de Ronda), <\/em>Catastro de Ensenada (<em>El Lugar de Parauta, La v<\/em>illa <em>de Benaoj\u00e1n&#8230;), <\/em>y otros t\u00edtulos de parecido corte que hablan a las claras del <em>leimotiv <\/em>que las envuelve, el cual no es otro que las peculiaridades de villas y lugares con sus tradiciones y costumbres inveteradas junto a los sustratos culturales, sociales y econ\u00f3micos aunque fuesen en estados incipientes.<\/span><\/span><\/p>\n<p align=\"JUSTIFY\"><span style=\"font-family: Arial Black, sans-serif;\"><span style=\"font-size: small;\">\u00a0 \u00a0Los libros de <em>Pinsapar <\/em>vienen exponi\u00e9ndose en ferias de libros como es el caso de las de Ronda y M\u00e1laga. Y pueden adquirirse a trav\u00e9s de su p\u00e1gina web. Una oportunidad \u00fanica para adentrarse en los recovecos hist\u00f3ricos del pasado de pueblos malague\u00f1os de otra forma abocados al olvido. Es el caso de la obra <em>Sobre el uso del pend\u00f3n ceremonial de Ronda<\/em>, cuyo autor es Manuel Garrido, y que ha visto la luz d\u00edas atr\u00e1s identificando un antiguo s\u00edmbolo\u00a0santo y se\u00f1a\u00a0de la ciudad.<\/span><\/span><\/p>\n<p>&nbsp;<\/p>\n","protected":false},"excerpt":{"rendered":"<p>Pinsapar, una editorial con sabor ronde\u00f1o y andaluz JOS\u00c9 BECERRA Ediciones Pinsapar naci\u00f3 del pueblo y tiene como meta divulgar la historia,y m\u00e1s que \u00e9sta la intrahistoria de los pueblos, entendida \u00e9sta expresi\u00f3n como la dej\u00f3 asentada Miguel de Unamuno cuando se refer\u00eda a la vida tradicional que en reducidas ocasiones ocupa los medios de [&hellip;]<\/p>\n","protected":false},"author":27495,"featured_media":0,"comment_status":"open","ping_status":"open","sticky":false,"template":"","format":"standard","meta":[],"categories":[16,21],"tags":[389,807,922],"_links":{"self":[{"href":"https:\/\/blogs.diariosur.es\/avuelapluma\/wp-json\/wp\/v2\/posts\/2545"}],"collection":[{"href":"https:\/\/blogs.diariosur.es\/avuelapluma\/wp-json\/wp\/v2\/posts"}],"about":[{"href":"https:\/\/blogs.diariosur.es\/avuelapluma\/wp-json\/wp\/v2\/types\/post"}],"author":[{"embeddable":true,"href":"https:\/\/blogs.diariosur.es\/avuelapluma\/wp-json\/wp\/v2\/users\/27495"}],"replies":[{"embeddable":true,"href":"https:\/\/blogs.diariosur.es\/avuelapluma\/wp-json\/wp\/v2\/comments?post=2545"}],"version-history":[{"count":0,"href":"https:\/\/blogs.diariosur.es\/avuelapluma\/wp-json\/wp\/v2\/posts\/2545\/revisions"}],"wp:attachment":[{"href":"https:\/\/blogs.diariosur.es\/avuelapluma\/wp-json\/wp\/v2\/media?parent=2545"}],"wp:term":[{"taxonomy":"category","embeddable":true,"href":"https:\/\/blogs.diariosur.es\/avuelapluma\/wp-json\/wp\/v2\/categories?post=2545"},{"taxonomy":"post_tag","embeddable":true,"href":"https:\/\/blogs.diariosur.es\/avuelapluma\/wp-json\/wp\/v2\/tags?post=2545"}],"curies":[{"name":"wp","href":"https:\/\/api.w.org\/{rel}","templated":true}]}}