{"id":2559,"date":"2016-05-07T11:13:35","date_gmt":"2016-05-07T09:13:35","guid":{"rendered":"http:\/\/blogs.diariosur.es\/avuelapluma\/?p=2559"},"modified":"2016-05-07T11:13:35","modified_gmt":"2016-05-07T09:13:35","slug":"manuel-becerra-un-enamorado-de-la-naturaleza","status":"publish","type":"post","link":"https:\/\/blogs.diariosur.es\/avuelapluma\/2016\/05\/07\/manuel-becerra-un-enamorado-de-la-naturaleza\/","title":{"rendered":"Manuel Becerra, un enamorado de la Naturaleza"},"content":{"rendered":"<p align=\"JUSTIFY\"><img src=\"https:\/\/encrypted-tbn0.gstatic.com\/images?q=tbn:ANd9GcRy5EMYC09ArewUeE98GdIkE_tp9Ljk8He2hGJUMizUVO4yON8eu1fGYjQ\" alt=\"\" \/><\/p>\n<p align=\"JUSTIFY\"><span style=\"font-family: 'Arial Black', sans-serif;\">Manuel Becerra, un enamorado fiel de la Naturaleza<\/span><\/p>\n<p align=\"JUSTIFY\"><span style=\"color: #000000;\"><span style=\"font-family: 'Arial Black', sans-serif;\"><span>Si hay alguien que nacido en la Serran\u00eda de Ronda haya dedicado la mayor parte de su vida al estudio exhaustivo del medio natural y a la historia de sus pueblos tendr\u00edamos que coincidir en que Manuel Becerra como pocos responde fielmente a esta estimaci\u00f3n.<\/span><\/span><\/span><\/p>\n<p align=\"JUSTIFY\"><span style=\"color: #000000;\"> <span style=\"font-family: 'Arial Black', sans-serif;\"><span>Vio su primera luz en Benaoj\u00e1n y desde las primeras d\u00e9cadas de su existencia,quiz\u00e1s extasiado ante la belleza con la que Naturaleza hab\u00eda dotado a esta comarca y la prodigalidad con la que la dot\u00f3 \u2013 monta\u00f1as, r\u00edos, vegetaci\u00f3n&#8230;- se sinti\u00f3 atra\u00eddo por ella y dedic\u00f3 sus cinco sentidos a interpretarla y a tratar de transmitir a sus semejantes la peculiaridad de su entorno y la singularidad de su envolvente medio geogr\u00e1fico, vegetal e hist\u00f3rico.<\/span><\/span><\/span><\/p>\n<p align=\"JUSTIFY\"><span style=\"color: #000000;\"> <span style=\"font-family: 'Arial Black', sans-serif;\"><span>Se podr\u00eda decir que en honor a la verdad pocos nativos conocen los entresijos, vericuetos, caminos,senderos y trochas de la Serran\u00eda de Ronda como este joven benaojano entregado en cuerpo y alma al estudio pormenorizado del medio y en concreto a su vegetaci\u00f3n propia floral o arbustiva. Su imagen de caminante pertinaz, mochila a las espaldas y ojo avizor a cuanto de inter\u00e9s bot\u00e1nico ofrece la comarca, es bien conocida entre el paisanaje, el cual es sabedor de sus aficiones a propagar con m\u00e9todos esencialmente divulgativos cuantas especies la naturaleza m\u00e1s brav\u00eda puede ofrecernos sin la intervenci\u00f3n de la mano del hombre. Hay un dicho sabio que dice \u201cTodos quieren volver a la naturaleza, s\u00f3lo que no a pie\u201d. Manuel lo contradice: \u00e9l s\u00ed vuelve a ella a pie. Y lo hace una y otra vez sin desmayos.<\/span><\/span><\/span><\/p>\n<p align=\"JUSTIFY\"><span style=\"color: #000000;\"> <span style=\"font-family: 'Arial Black', sans-serif;\"><span>Fruto de esta actitud y dedicaci\u00f3n acrisolada con el paso del tiempo son los libros que ha ido dando a la luz desde casi sus a\u00f1os imp\u00faberes y que han merecido el aplauso de un p\u00fablico fiel y adepto a cuanto fen\u00f3menos naturales brindan montes, altozanos, planicies y abruptas sierras capaces de producir especies vegetativas con la espontaneidad natural que exige la mera pero insustituible exposici\u00f3n secular al sol y las lluvias como agentes propulsores por las leyes naturales o el milagro ins\u00f3lito. He aqu\u00ed algunos t\u00edtulos que marcados por esa impronta: <em>Las setas de la Serran\u00eda de Ronda, Gu\u00eda bot\u00e1nica, Setas del Parque Natural Sierra de Grazalema y Sierra de las Nieves,Orqu\u00eddeas silvestres de Andaluc\u00eda,<\/em>y otros tratados similares en los que da buena cuenta de su buen hacer a trav\u00e9s de los andurriales malague\u00f1os y gaditanos.<\/span><\/span><\/span><\/p>\n<p align=\"JUSTIFY\"><span style=\"color: #000000;\"> <span style=\"font-family: 'Arial Black', sans-serif;\"><span>Pero Manuel como fiel estudioso de su entorno tambi\u00e9n y de forma brillante y concienzuda se ocup\u00f3 de la historia de pueblos enmarcados en parajes serranos. As\u00ed dio a la imprenta obras como <em>Valle del Guadiaro, Gu\u00eda del excursionista, Arte rupestre de la Serran\u00eda de Ronda o Breve historia de la villa de Benaoj\u00e1n, <\/em>entre otras del mismo calado e inter\u00e9s historiog\u00e1fico relacionados con la zona.<\/span><\/span><\/span><\/p>\n<p align=\"JUSTIFY\"><span style=\"color: #000000;\"> <span style=\"font-family: 'Arial Black', sans-serif;\"><span>Naturalista nato, tal vez sin saberlo, hizo suya una frase de Charles Darwin: <em> \u201cLa Naturaleza es un libro cuyo autor es Dios\u201d, <\/em>y que explica el misterio de la vida animal y vegetal que viene deslumbrando autores de uno u otro signo desde la noche obscura de los tiempos. <\/span><\/span><\/span><\/p>\n<p align=\"JUSTIFY\">\n","protected":false},"excerpt":{"rendered":"<p>Manuel Becerra, un enamorado fiel de la Naturaleza Si hay alguien que nacido en la Serran\u00eda de Ronda haya dedicado la mayor parte de su vida al estudio exhaustivo del medio natural y a la historia de sus pueblos tendr\u00edamos que coincidir en que Manuel Becerra como pocos responde fielmente a esta estimaci\u00f3n. Vio su [&hellip;]<\/p>\n","protected":false},"author":27495,"featured_media":0,"comment_status":"open","ping_status":"open","sticky":false,"template":"","format":"standard","meta":[],"categories":[21],"tags":[389,656,807],"_links":{"self":[{"href":"https:\/\/blogs.diariosur.es\/avuelapluma\/wp-json\/wp\/v2\/posts\/2559"}],"collection":[{"href":"https:\/\/blogs.diariosur.es\/avuelapluma\/wp-json\/wp\/v2\/posts"}],"about":[{"href":"https:\/\/blogs.diariosur.es\/avuelapluma\/wp-json\/wp\/v2\/types\/post"}],"author":[{"embeddable":true,"href":"https:\/\/blogs.diariosur.es\/avuelapluma\/wp-json\/wp\/v2\/users\/27495"}],"replies":[{"embeddable":true,"href":"https:\/\/blogs.diariosur.es\/avuelapluma\/wp-json\/wp\/v2\/comments?post=2559"}],"version-history":[{"count":0,"href":"https:\/\/blogs.diariosur.es\/avuelapluma\/wp-json\/wp\/v2\/posts\/2559\/revisions"}],"wp:attachment":[{"href":"https:\/\/blogs.diariosur.es\/avuelapluma\/wp-json\/wp\/v2\/media?parent=2559"}],"wp:term":[{"taxonomy":"category","embeddable":true,"href":"https:\/\/blogs.diariosur.es\/avuelapluma\/wp-json\/wp\/v2\/categories?post=2559"},{"taxonomy":"post_tag","embeddable":true,"href":"https:\/\/blogs.diariosur.es\/avuelapluma\/wp-json\/wp\/v2\/tags?post=2559"}],"curies":[{"name":"wp","href":"https:\/\/api.w.org\/{rel}","templated":true}]}}