{"id":2561,"date":"2016-05-11T10:03:33","date_gmt":"2016-05-11T08:03:33","guid":{"rendered":"http:\/\/blogs.diariosur.es\/avuelapluma\/?p=2561"},"modified":"2016-05-11T10:03:33","modified_gmt":"2016-05-11T08:03:33","slug":"votar-para-que","status":"publish","type":"post","link":"https:\/\/blogs.diariosur.es\/avuelapluma\/2016\/05\/11\/votar-para-que\/","title":{"rendered":"Votar, \u00bfpara qu\u00e9?"},"content":{"rendered":"<p align=\"JUSTIFY\"><img src=\"https:\/\/encrypted-tbn3.gstatic.com\/images?q=tbn:ANd9GcQNpNYl1X4uFJavti8XI9H0rM_916tb3Dny_A6z6yfi67QFBnqB\" alt=\"Resultado de imagen de imagenes de votaciones\" \/><\/p>\n<p align=\"JUSTIFY\">\n<p align=\"JUSTIFY\"><span style=\"color: #000000;\"><span style=\"font-family: 'Arial Black', sans-serif;\"><span>Votar, \u00bfpara qu\u00e9?<\/span><\/span><\/span><\/p>\n<p align=\"JUSTIFY\"><span style=\"color: #000000;\"><span style=\"font-family: 'Arial Black', sans-serif;\"><span style=\"font-size: x-small;\">JOS\u00c9 BECERRA <\/span><\/span><\/span><\/p>\n<p align=\"JUSTIFY\"><span style=\"color: #000000;\"><span style=\"font-family: 'Arial Black', sans-serif;\"><span>Es la pregunta que nos asalta a muchos ante el nuevo requerimiento que se nos hace para acudir de otra vez a las urnas impasible el adem\u00e1n. La cuesti\u00f3n es que nos sentimos m\u00e1s que aturdidos enrabietados por el comportamiento de nuestros pol\u00edticos en la que se han dado en llamar la m\u00e1s breve legislatura de la historia reciente. \u00a1Vaya vodevil que se ha venido representando a partir del 20-D! Un aut\u00e9ntico teatrillo de gui\u00f1ol para re\u00edrse si no fuese por la gravedad de los acontecimientos que concurr\u00edan nada menos que pretendidamente para desembocar en un nuevo gobierno de la naci\u00f3n. \u00a1Como para tomarse a chacota el que estuviese en juego la estabilidad y el futuro inmediato del pa\u00eds!<\/span><\/span><\/span><\/p>\n<p align=\"JUSTIFY\"><span style=\"color: #000000;\"> <span style=\"font-family: 'Arial Black', sans-serif;\"><span>Rajoy, impert\u00e9rrito y vi\u00e9ndolas venir para hacer honor a su temperamento flem\u00e1tico mas propio de un gentleman ingl\u00e9s del que ha venido dando cuenta un d\u00eda y otro tambi\u00e9n. Su impasibilidad a toda costa, en la que parece creer, le ha ha salido bien al final: ha comprobado c\u00f3mo el resto de los partidos en liza que le hab\u00edan declarado la guerra se estrellaban estrepitosamente sin alcanzar su objetivo de echarle de la Moncloa.<\/span><\/span><\/span><\/p>\n<p align=\"JUSTIFY\"><span style=\"color: #000000;\"> <span style=\"font-family: 'Arial Black', sans-serif;\"><span>S\u00e1nchez empe\u00f1ado en conseguir la presidencia del Gobierno a toda costa y pese a quien pese. Lo hemos visto intentado desarbolar al PP dando bandazos de un lado a otro en una in\u00fatil estrategia condenada al fracaso, unas veces tendi\u00e9ndole la mano a Rivera y otras a Iglesias, haciendo caso omiso lo radical de las proposiciones, sobre todo de las de \u00e9ste \u00faltimo.<\/span><\/span><\/span><\/p>\n<p align=\"JUSTIFY\"><span style=\"color: #000000;\"> <span style=\"font-family: 'Arial Black', sans-serif;\"><span>No llegamos a vislumbrar con nitidez el papel de Ciudadanos en todo el embrollo organizado en los tres meses transcurridos y que han desembocado en la nueva convocatoria de comicios. Apostaron en primer lugar por apoyar la lista m\u00e1s votada y abjuraron de esta intenci\u00f3n a rengl\u00f3n seguido hostigando sin cuartel al PP y esgrimiendo su prop\u00f3sito de desbancar a Rajoy de la presidencia, confabul\u00e1ndose a todo trapo con las huestes socialistas.<\/span><\/span><\/span><\/p>\n<p align=\"JUSTIFY\"><span style=\"color: #000000;\"> <span style=\"font-family: 'Arial Black', sans-serif;\"><span>Pese a la formaci\u00f3n del frente de izquierdas que acaban de formalizar Podemos e IU, que veremos si no termina como el rosario de la aurora por discrepancias internas de sus l\u00edderes &#8211; las cuales ya se han visto con anterioridad al pacto \u2013 y que ambos coinciden en afirmar que revive el compromiso de fuerzas de izquierdas en los a\u00f1os 30 del pasado siglo, todo apunta a que las reci\u00e9n convocadas elecciones del 26-J arrojen resultados si no id\u00e9nticos si similares a las del pasado diciembre.<\/span><\/span><\/span><\/p>\n<p align=\"JUSTIFY\"><span style=\"color: #000000;\"> \u201c<span style=\"font-family: 'Arial Black', sans-serif;\"><span>Para este viaje no se necesitan alforjas\u201d, que dicen los lugare\u00f1os ronde\u00f1os y serranos desencantados por el final nefasto de cualquier asunto. No hay cambio de l\u00edderes ni de programas. El elector tendr\u00e1 que mostrarse fino para no errar, porque mucho es de temer que se volver\u00e1 a la misma situaci\u00f3n ya vivida. Temiendo, con poderosas razones, el comportamiento que nuestros pol\u00edticos nos ha venido deparando, puede que la interrogaci\u00f3n no sea balad\u00ed: Votar, \u00bfpara qu\u00e9? Aunque si, al final, decidimos cumplir con el deber que nos exige un fiel comportamiento democr\u00e1tico, ya sabemos de qu\u00e9 pie trastabilla cada uno, lo que no deja de ser una ventaja para no equivocarnos.<\/span><\/span><\/span><\/p>\n<p align=\"JUSTIFY\">\n<p align=\"JUSTIFY\">\n<p align=\"JUSTIFY\">\n","protected":false},"excerpt":{"rendered":"<p>Votar, \u00bfpara qu\u00e9? JOS\u00c9 BECERRA Es la pregunta que nos asalta a muchos ante el nuevo requerimiento que se nos hace para acudir de otra vez a las urnas impasible el adem\u00e1n. La cuesti\u00f3n es que nos sentimos m\u00e1s que aturdidos enrabietados por el comportamiento de nuestros pol\u00edticos en la que se han dado en [&hellip;]<\/p>\n","protected":false},"author":27495,"featured_media":0,"comment_status":"open","ping_status":"open","sticky":false,"template":"","format":"standard","meta":[],"categories":[3],"tags":[403,1069],"_links":{"self":[{"href":"https:\/\/blogs.diariosur.es\/avuelapluma\/wp-json\/wp\/v2\/posts\/2561"}],"collection":[{"href":"https:\/\/blogs.diariosur.es\/avuelapluma\/wp-json\/wp\/v2\/posts"}],"about":[{"href":"https:\/\/blogs.diariosur.es\/avuelapluma\/wp-json\/wp\/v2\/types\/post"}],"author":[{"embeddable":true,"href":"https:\/\/blogs.diariosur.es\/avuelapluma\/wp-json\/wp\/v2\/users\/27495"}],"replies":[{"embeddable":true,"href":"https:\/\/blogs.diariosur.es\/avuelapluma\/wp-json\/wp\/v2\/comments?post=2561"}],"version-history":[{"count":0,"href":"https:\/\/blogs.diariosur.es\/avuelapluma\/wp-json\/wp\/v2\/posts\/2561\/revisions"}],"wp:attachment":[{"href":"https:\/\/blogs.diariosur.es\/avuelapluma\/wp-json\/wp\/v2\/media?parent=2561"}],"wp:term":[{"taxonomy":"category","embeddable":true,"href":"https:\/\/blogs.diariosur.es\/avuelapluma\/wp-json\/wp\/v2\/categories?post=2561"},{"taxonomy":"post_tag","embeddable":true,"href":"https:\/\/blogs.diariosur.es\/avuelapluma\/wp-json\/wp\/v2\/tags?post=2561"}],"curies":[{"name":"wp","href":"https:\/\/api.w.org\/{rel}","templated":true}]}}