{"id":2562,"date":"2016-05-15T11:16:21","date_gmt":"2016-05-15T09:16:21","guid":{"rendered":"http:\/\/blogs.diariosur.es\/avuelapluma\/?p=2562"},"modified":"2016-05-15T11:16:21","modified_gmt":"2016-05-15T09:16:21","slug":"esperando-a-pablo-casado","status":"publish","type":"post","link":"https:\/\/blogs.diariosur.es\/avuelapluma\/2016\/05\/15\/esperando-a-pablo-casado\/","title":{"rendered":"Esperando a Pablo Casado"},"content":{"rendered":"<p align=\"JUSTIFY\">\n<p align=\"JUSTIFY\"><img src=\"https:\/\/encrypted-tbn3.gstatic.com\/images?q=tbn:ANd9GcTNaa9tiYm9NRMuVmWkZF1RSNlxvrz9zGVuWBoVgedVTUF4cVVfpw\" alt=\"\" \/><\/p>\n<p align=\"JUSTIFY\">\n<p align=\"JUSTIFY\"><span style=\"color: #000000;\"><span style=\"font-family: 'Arial Black', sans-serif;\"><span>Esperando a Pablo Casado<\/span><\/span><\/span><\/p>\n<p align=\"JUSTIFY\"><span style=\"font-family: 'Arial Black', sans-serif;\">Si hay una figura que en los \u00faltimos tiempos est\u00e1 emergiendo con fuerza del enrarecido panorama pol\u00edtico en el que nos debatimos es la de Pablo Casado. Al mismo tiempo que tienden a apagarse las que en su d\u00eda brillaron con fulgor propio en el Partido Popular y cuyos m\u00e9ritos no ponemos en duda, apuntan otras que vienen pisando fuerte con un limpio pasado y un cantado brillante futuro, Casado entre ellas. Brilla \u00e9ste con luz propia en el cielo un tanto obscurecido del PP por mor de las corrupciones que se vienen dando en sus filas un d\u00eda s\u00ed y otro tambi\u00e9n y que vienen empa\u00f1ando su trayectoria en los \u00faltimos tiempos. Sangre nueva es lo que se viene pidiendo incluso por los gerifaltes del partido, aunque esto lo digan con la boca chica por temer a zaherir al mandam\u00e1s Rajoy, el cual sigue sin dar su brazo a torcer y no ceja en su empe\u00f1o de ser de nuevo candidato a la presidencia del Gobierno. Imperturbable el adem\u00e1n, que es \u00e9sta una caracter\u00edstica que define a las claras su personalidad.<\/span><\/p>\n<p align=\"JUSTIFY\"><span style=\"color: #000000;\"><span style=\"font-family: 'Arial Black', sans-serif;\"><span>\u00a0 \u00a0Pablo acaba de coronar la frontera de los cuarenta a\u00f1os, o sea que milita entre los que prestan sangre nueva al Partido Popular dentro de sus esferas de poder. Puede presumir, y de eso hace gala, de una excelente formaci\u00f3n universitaria y de grandes dotes de comunicador, capaces de deducir a quienes siguen con inter\u00e9s sus apariciones p\u00fablicas por la claridad de sus exposiciones, su empat\u00eda o inteligencia personal, entendida \u00e9sta,en la concepci\u00f3n de Howard Gardner(Teor\u00eda de las Inteligencias M\u00faltiples) \u201c a una habilidad cognitiva de una persona para comprender el universo emocional del otro\u201d; en otras palabras, hace gala y con raz\u00f3n de una inteligencia interpersonal que distingue su trayectoria pol\u00edtica y que le ha servido para granjearse la aceptaci\u00f3n de muchos simpatizantes.<\/span><\/span><\/span><\/p>\n<p align=\"JUSTIFY\">\u00a0 \u00a0\u00a0<span style=\"font-family: 'Arial Black', sans-serif;\">Cuando se alzan las cr\u00edticas m\u00e1s acerbas sobre la corrupci\u00f3n en las filas del Partido Popular, Casado se alza como un adalid de su regeneraci\u00f3n. Nadie lo dice, a no ser que le traicione el subconsciente y lo reconozca sin reservas. Quienes no pertenecemos al partido no dejamos de reconocer que es la persona de mayor notoriedad dentro del espacio que ocupa el centro derecha del pa\u00eds. Prudente,serio y capaz podr\u00eda ocupar el lugar de Rajoy, facilitando el acercamiento que vienen proponiendo PSOE y C\u00b4s para la formaci\u00f3n de un Gobierno estable y que sea garante del auge del pa\u00eds en el futuro a partir de los comicios que est\u00e1n al caer y de los que se esperan pongan fin a la ca\u00f3tica situaci\u00f3n vivida en los \u00faltimos meses.<\/span><\/p>\n<p align=\"JUSTIFY\">\n<p align=\"JUSTIFY\">\n<p align=\"JUSTIFY\">\n","protected":false},"excerpt":{"rendered":"<p>Esperando a Pablo Casado Si hay una figura que en los \u00faltimos tiempos est\u00e1 emergiendo con fuerza del enrarecido panorama pol\u00edtico en el que nos debatimos es la de Pablo Casado. Al mismo tiempo que tienden a apagarse las que en su d\u00eda brillaron con fulgor propio en el Partido Popular y cuyos m\u00e9ritos no [&hellip;]<\/p>\n","protected":false},"author":27495,"featured_media":0,"comment_status":"open","ping_status":"open","sticky":false,"template":"","format":"standard","meta":[],"categories":[3,18],"tags":[403,758,839],"_links":{"self":[{"href":"https:\/\/blogs.diariosur.es\/avuelapluma\/wp-json\/wp\/v2\/posts\/2562"}],"collection":[{"href":"https:\/\/blogs.diariosur.es\/avuelapluma\/wp-json\/wp\/v2\/posts"}],"about":[{"href":"https:\/\/blogs.diariosur.es\/avuelapluma\/wp-json\/wp\/v2\/types\/post"}],"author":[{"embeddable":true,"href":"https:\/\/blogs.diariosur.es\/avuelapluma\/wp-json\/wp\/v2\/users\/27495"}],"replies":[{"embeddable":true,"href":"https:\/\/blogs.diariosur.es\/avuelapluma\/wp-json\/wp\/v2\/comments?post=2562"}],"version-history":[{"count":0,"href":"https:\/\/blogs.diariosur.es\/avuelapluma\/wp-json\/wp\/v2\/posts\/2562\/revisions"}],"wp:attachment":[{"href":"https:\/\/blogs.diariosur.es\/avuelapluma\/wp-json\/wp\/v2\/media?parent=2562"}],"wp:term":[{"taxonomy":"category","embeddable":true,"href":"https:\/\/blogs.diariosur.es\/avuelapluma\/wp-json\/wp\/v2\/categories?post=2562"},{"taxonomy":"post_tag","embeddable":true,"href":"https:\/\/blogs.diariosur.es\/avuelapluma\/wp-json\/wp\/v2\/tags?post=2562"}],"curies":[{"name":"wp","href":"https:\/\/api.w.org\/{rel}","templated":true}]}}