{"id":2563,"date":"2016-05-18T10:53:39","date_gmt":"2016-05-18T08:53:39","guid":{"rendered":"http:\/\/blogs.diariosur.es\/avuelapluma\/?p=2563"},"modified":"2016-05-18T10:53:39","modified_gmt":"2016-05-18T08:53:39","slug":"reverdece-la-ronda-romantica-de-siempre","status":"publish","type":"post","link":"https:\/\/blogs.diariosur.es\/avuelapluma\/2016\/05\/18\/reverdece-la-ronda-romantica-de-siempre\/","title":{"rendered":"Reverdece la &#039;Ronda Rom\u00e1ntica\u00b4 de siempre"},"content":{"rendered":"<p>&nbsp;<\/p>\n<p><img src=\"\/\/www.diariosur.es\/multimedia\/201504\/19\/media\/ronda\/ronda%20(16).jpg\" alt=\"\" \/><\/p>\n<p>&nbsp;<\/p>\n<p><strong>La Comisi\u00f3n Organizadora de Ronda Rom\u00e1ntica present\u00f3 d\u00edas atr\u00e1s la IV edici\u00f3n.Revivir el esplendor rom\u00e1ntico en la ciudad y los pueblos aleda\u00f1os es su fin primordial. El evento tendr\u00e1 lugar el 19 de, cuando ya se atisban los albores de la feria de mayo, ganadera y se\u00f1orial.<\/strong><\/p>\n<p><strong>Ronda, que tiene mucho que ofrecer, ah\u00ed est\u00e1n los monumentos naturales \u2013 el Tajo, s\u00edmbolo que la catapulta tanto al interior del pa\u00eds como allende fronteras \u2013 como debido a la mano del hombre- Puente Nuevo, vetustos conventos, suntuosas iglesias, palacios y casas solariegas cargadas de a\u00f1os e historia\u2026 \u2013 solo tendr\u00e1 que poner en juego sus encantos para que lleguen a todas las latitudes. Algo que se hizo en la Feria Internacional del Turismo (FITUR,para los allegados) y que ya empieza a dar frutos espl\u00e9ndidos, puesta la mirada en mercados tan prometedores como el chino y el ruso, que brit\u00e1nicos, franceses y estadounidenses ya saben de la peculiaridad y la belleza paisaj\u00edstica y monumental de Ronda.<\/strong><\/p>\n<p><strong>Los escritores rom\u00e1nticos quedaron anonadados con la contemplaci\u00f3n de \u201cestas tierras grandiosas\u201d. Coinciden en afirmar, trasladando a los lectores esta apreciaci\u00f3n, su atractivo peculiar y les invitan a que vengan a visitarla no importa desde qu\u00e9 rinc\u00f3n de Europa. Fue el suyo un regalo descriptivo que nunca agradeceremos bastante. Desfiladeros imponentes y majestuosas sierras no les asustaban, sino que como afirma la viajera Madame de Suberwick- que tambi\u00e9n hubo damas viajeras que se dejaron ganar por el brav\u00edo paisaje que contemplaban-, afirm\u00f3 que \u201c parajes m\u00e1s que asustarle le cautivaban\u201d. De la misma opini\u00f3n es Richard Ford, posiblemente el viajero m\u00e1s conocido por sus antiguas gu\u00edas de viaje por Espa\u00f1a.<\/strong><\/p>\n<p><strong>Con un valor a\u00f1adido, el del interior comarcal \u2013 pueblos blancos alineados a lo largo y ancho de la Serran\u00eda- cuyo m\u00e9rito se est\u00e1 poniendo merecidamente en valor y que obran como acicate a las miradas tanto del interior como exterior de nuestro suelo patrio.<\/strong><\/p>\n<p>Foto: Diario SUR<\/p>\n","protected":false},"excerpt":{"rendered":"<p>&nbsp; &nbsp; La Comisi\u00f3n Organizadora de Ronda Rom\u00e1ntica present\u00f3 d\u00edas atr\u00e1s la IV edici\u00f3n.Revivir el esplendor rom\u00e1ntico en la ciudad y los pueblos aleda\u00f1os es su fin primordial. El evento tendr\u00e1 lugar el 19 de, cuando ya se atisban los albores de la feria de mayo, ganadera y se\u00f1orial. Ronda, que tiene mucho que ofrecer, [&hellip;]<\/p>\n","protected":false},"author":27495,"featured_media":0,"comment_status":"open","ping_status":"open","sticky":false,"template":"","format":"standard","meta":[],"categories":[19,22],"tags":[923],"_links":{"self":[{"href":"https:\/\/blogs.diariosur.es\/avuelapluma\/wp-json\/wp\/v2\/posts\/2563"}],"collection":[{"href":"https:\/\/blogs.diariosur.es\/avuelapluma\/wp-json\/wp\/v2\/posts"}],"about":[{"href":"https:\/\/blogs.diariosur.es\/avuelapluma\/wp-json\/wp\/v2\/types\/post"}],"author":[{"embeddable":true,"href":"https:\/\/blogs.diariosur.es\/avuelapluma\/wp-json\/wp\/v2\/users\/27495"}],"replies":[{"embeddable":true,"href":"https:\/\/blogs.diariosur.es\/avuelapluma\/wp-json\/wp\/v2\/comments?post=2563"}],"version-history":[{"count":0,"href":"https:\/\/blogs.diariosur.es\/avuelapluma\/wp-json\/wp\/v2\/posts\/2563\/revisions"}],"wp:attachment":[{"href":"https:\/\/blogs.diariosur.es\/avuelapluma\/wp-json\/wp\/v2\/media?parent=2563"}],"wp:term":[{"taxonomy":"category","embeddable":true,"href":"https:\/\/blogs.diariosur.es\/avuelapluma\/wp-json\/wp\/v2\/categories?post=2563"},{"taxonomy":"post_tag","embeddable":true,"href":"https:\/\/blogs.diariosur.es\/avuelapluma\/wp-json\/wp\/v2\/tags?post=2563"}],"curies":[{"name":"wp","href":"https:\/\/api.w.org\/{rel}","templated":true}]}}