{"id":2567,"date":"2016-05-25T10:23:35","date_gmt":"2016-05-25T08:23:35","guid":{"rendered":"http:\/\/blogs.diariosur.es\/avuelapluma\/?p=2567"},"modified":"2016-05-25T10:23:35","modified_gmt":"2016-05-25T08:23:35","slug":"deficiencias-hospitalarias","status":"publish","type":"post","link":"https:\/\/blogs.diariosur.es\/avuelapluma\/2016\/05\/25\/deficiencias-hospitalarias\/","title":{"rendered":"Deficiencias hosp\u00ectalarias"},"content":{"rendered":"<p align=\"JUSTIFY\"><span style=\"font-family: 'Arial Black', sans-serif;\"><span>Deficiencias hosp\u00ectalarias<\/span><\/span><\/p>\n<p align=\"JUSTIFY\">\u00a0<img src=\"\/\/www.diariosur.es\/noticias\/201511\/18\/media\/cortadas\/SF0KIT91--575x323.jpg\" alt=\"\" \/><\/p>\n<p align=\"JUSTIFY\"><span style=\"font-family: 'Arial Black', sans-serif;\"><span>Tenemos en Espa\u00f1a una Sanidad que para s\u00ed quisieran otros pa\u00edses del mundo. Sin embargo, aqu\u00ed y ahora,a tenor de lo que estamos sabiendo un d\u00eda s\u00ed y otro tambi\u00e9n, no es oro todo lo que reluce al respecto. Pruebas al canto,que dicen los lugare\u00f1os de mi parroquia serrana cuando quieren aportar pruebas irrefutables sobre una u otra cuesti\u00f3n en el candelero. <\/span><\/span><\/p>\n<p align=\"JUSTIFY\"><span style=\"font-family: 'Arial Black', sans-serif;\"><span>Se hacen ecos los informativos varios malague\u00f1os del accidente ocurrido d\u00edas atr\u00e1s en el Hospital Materno y en el que una parturienta sufri\u00f3 una ca\u00edda que provoc\u00f3 el parto tras la rotura del tobillo a causa de un soporte desvencijado. No es \u00e9ste un caso aislado sino que se vienen sucediendo a causa del material en uso desfasado o deteriorado como se denuncia desde el Sindicato de Enfermer\u00eda(Satse).<\/span><\/span><\/p>\n<p align=\"JUSTIFY\"><span style=\"font-family: 'Arial Black', sans-serif;\"><span>Por otra parte y a tenor de estas deficiencias que ahora han salido a la luz p\u00fablica hago hincapi\u00e9 en la \u00e1spera\u00a0<\/span><\/span><span style=\"font-family: 'Arial Black', sans-serif;\">pregunta que en una reciente sesi\u00f3n parlamentaria el Presidente del PP-A, Juanma Moreno, dirigi\u00f3 a la Presidenta de la Junta, Susana D\u00edaz, relativa a la atenci\u00f3n sanitaria en esta Andaluc\u00eda nuestra, y que deja entrever que no vive precisamente sus mejores momentos.<\/span><\/p>\n<p align=\"JUSTIFY\"><span style=\"font-family: 'Arial Black', sans-serif;\"><span>No milito en el PP ni es mi intenci\u00f3n zaherir al PSOE andaluz que como todos los partidos pol\u00edticos tiene sus env\u00e9s y rev\u00e9s en sus actuaciones como es normal que ocurra en todos las formaciones pol\u00edticas ahora en la palestra. Sin embargo, llaman la atenci\u00f3n las acusaciones vertidas por el l\u00edder popular en torno a la Sanidad que como andaluces nos coge m\u00e1s cerca y que de ser ciertas \u2013 no parece que hayan motivos para dudar de la veracidad -, como que ponen un punto de desasosiego en el \u00e1nimo.<\/span><\/span><\/p>\n<p align=\"JUSTIFY\"><span style=\"font-family: 'Arial Black', sans-serif;\"><span>Viene as decir Moreno que en los \u00faltimos tiempos \u201cse han recortado 1.600 millones de euros en Sanidad\u201d, pero no queda ah\u00ed la cosa y lanza al rostro de la presidenta de la Junta otra grave acusaci\u00f3n: \u201cse han eliminado 1.400 camas de los hospitales andaluces\u201d y \u201c se han perdido 6.500 puestos de trabajo en los profesionales sanitarios\u201d con las consiguientes aumentos de las listas de espera (habl\u00f3 de 30.000 en espera de una prueba diagn\u00f3stica).<\/span><\/span><\/p>\n<p align=\"JUSTIFY\"><span style=\"font-family: 'Arial Black', sans-serif;\"><span>El panorama que nos pinta el l\u00edder del PP andaluz de ajustarse a la realidad no dejan de ser altamente preocupante. Dec\u00eda Esquilo, mucho antes de nuestra Era que \u201c la mejor salud tiene un l\u00edmite; la enfermedad lo anda rondando siempre\u201d. Lo que nos lleva, sobre todo a los que dejamos atr\u00e1s la sexta d\u00e9cada de la existencia, a andar cabizbajo ante la duda de lo que nos puede deparar el destino m\u00e1s pronto que tarde.<\/span><\/span><\/p>\n<p align=\"JUSTIFY\">Foto: Diario SUR<\/p>\n","protected":false},"excerpt":{"rendered":"<p>Deficiencias hosp\u00ectalarias \u00a0 Tenemos en Espa\u00f1a una Sanidad que para s\u00ed quisieran otros pa\u00edses del mundo. Sin embargo, aqu\u00ed y ahora,a tenor de lo que estamos sabiendo un d\u00eda s\u00ed y otro tambi\u00e9n, no es oro todo lo que reluce al respecto. Pruebas al canto,que dicen los lugare\u00f1os de mi parroquia serrana cuando quieren aportar [&hellip;]<\/p>\n","protected":false},"author":27495,"featured_media":0,"comment_status":"open","ping_status":"open","sticky":false,"template":"","format":"standard","meta":[],"categories":[3],"tags":[326,537,839],"_links":{"self":[{"href":"https:\/\/blogs.diariosur.es\/avuelapluma\/wp-json\/wp\/v2\/posts\/2567"}],"collection":[{"href":"https:\/\/blogs.diariosur.es\/avuelapluma\/wp-json\/wp\/v2\/posts"}],"about":[{"href":"https:\/\/blogs.diariosur.es\/avuelapluma\/wp-json\/wp\/v2\/types\/post"}],"author":[{"embeddable":true,"href":"https:\/\/blogs.diariosur.es\/avuelapluma\/wp-json\/wp\/v2\/users\/27495"}],"replies":[{"embeddable":true,"href":"https:\/\/blogs.diariosur.es\/avuelapluma\/wp-json\/wp\/v2\/comments?post=2567"}],"version-history":[{"count":0,"href":"https:\/\/blogs.diariosur.es\/avuelapluma\/wp-json\/wp\/v2\/posts\/2567\/revisions"}],"wp:attachment":[{"href":"https:\/\/blogs.diariosur.es\/avuelapluma\/wp-json\/wp\/v2\/media?parent=2567"}],"wp:term":[{"taxonomy":"category","embeddable":true,"href":"https:\/\/blogs.diariosur.es\/avuelapluma\/wp-json\/wp\/v2\/categories?post=2567"},{"taxonomy":"post_tag","embeddable":true,"href":"https:\/\/blogs.diariosur.es\/avuelapluma\/wp-json\/wp\/v2\/tags?post=2567"}],"curies":[{"name":"wp","href":"https:\/\/api.w.org\/{rel}","templated":true}]}}