{"id":2581,"date":"2016-06-10T09:41:15","date_gmt":"2016-06-10T07:41:15","guid":{"rendered":"http:\/\/blogs.diariosur.es\/avuelapluma\/?p=2581"},"modified":"2016-06-10T09:41:15","modified_gmt":"2016-06-10T07:41:15","slug":"la-serrania-de-ronda-relega-huellas-del-pasado","status":"publish","type":"post","link":"https:\/\/blogs.diariosur.es\/avuelapluma\/2016\/06\/10\/la-serrania-de-ronda-relega-huellas-del-pasado\/","title":{"rendered":"La Serran\u00eda de Ronda relega huellas del pasado"},"content":{"rendered":"<div data-link=\"class{:~tag.contentRightClass(Layout.IsFullView, Layout.ReadingPaneMode)}\">\n<div>\n<div id=\"inboxControl0fv-ReadMessageContainer\">\n<div data-link=\"class{readMessageClass: ~tag.Show}\">\n<div id=\"ReadMessageScrollableSection\">\n<div id=\"readMessagePartControl676f\" data-link=\"class{:~tag.getHeaderCssClass(IsConversationPart, IsRead, IsDraft, IsTrustedSender, Items.length)}\">\n<div data-link=\"class{getClass:IsBodyExpanded}\">\n<div id=\"bodyreadMessagePartBodyControl678f\" data-link=\"class{:~tag.cssClasses(PlainText, IsContentFiltered)}\">\n<div dir=\"ltr\">\n<p align=\"JUSTIFY\"><img src=\"\/\/www.diariosur.es\/noticias\/201504\/15\/media\/cortadas\/dolmen--575x323.jpg\" alt=\"\" \/><\/p>\n<p align=\"JUSTIFY\"><span style=\"font-family: 'Arial Black', sans-serif;\"><span>JOS\u00c9 BECERRA<\/span><\/span><\/p>\n<p align=\"JUSTIFY\"><span style=\"font-family: 'Arial Black', sans-serif;\"><span>En cualquiera otra zona de la ancha Espa\u00f1a se sentir\u00edan orgullosos de poseer en su t\u00e9rmino municipal un rico tesoro prehist\u00f3rico y desde siempre lo habr\u00edan puesto en valor. No echan en saco roto lo que Cicer\u00f3n pensaba al respecto un siglo antes de nuestra Era: \u201cLa historia&#8230; testigo de los tiempos, luz la verdad, vida de la memoria, testigo de la antig\u00fcedad\u201d. Pero ya digo, hay lugares, por ejemplo en la montaraz y legendaria Serran\u00eda de Ronda, en la que las administraciones p\u00fablicas pasan ol\u00edmpicamente de esta premura y arrastran su existencia en el m\u00e1s completo de los olvidos. Hay una excepci\u00f3n que es obligado relatar: existe un tesoro prehist\u00f3rico a la que se dedica particular atenci\u00f3n, y no es otro que la espelunca de La Pileta, maravilla natural para propios y extra\u00f1os de la morada de nuestros antepasados desde la noche obscura de los tiempos hasta hoy mismo. Pero este cuido se debe a una familia- los Bull\u00f3n- que se dedican en cuerpo y alma a su conservaci\u00f3n, lo que les honra.<\/span><\/span><\/p>\n<p align=\"JUSTIFY\"><span style=\"font-family: 'Arial Black', sans-serif;\"><span>En la Serran\u00eda de Ronda existen no menos de 20 d\u00f3lmenes sumidos en el olvido. Ni instituciones p\u00fablicas ni privadas se ocupan de su conservaci\u00f3n. Ah\u00ed permanecen desafiando el paso del tiempo, pero sufriendo la incuria de todos y carcomidos por los agentes naturales que acabar\u00e1n por hacerlos desaparecer, priv\u00e1ndonos de testigos antediluvianos de lo que fueron costumbres y ritos ancestrales de nuestros antepasados. Estas grandes mesas p\u00e9treas llevaban emparejadas unos modos de vida y unas creencias que los estudiosos del fen\u00f3meno coinciden en que no se purde dilucidar. Pero una cosa es segura: mesas de piedras, menhires y d\u00f3lmenes son los monumentos megal\u00edticos m\u00e1s antiguos de la humanidad y deber\u00eda ser un deber insoslayable su conservaci\u00f3n.<\/span><\/span><\/p>\n<p align=\"JUSTIFY\"><span style=\"font-family: 'Arial Black', sans-serif;\"><span>Colosales mesas, altares o tumbas de indescifrable significaci\u00f3n al estar al aire libre y sin la menor vigilancia,como ocurre en la Serran\u00eda de Ronda, aunque se alcen propiedades privadas son objetos de expolio de ajuar funerario y reliquias que se puede presuponer hab\u00edan de existir en sus inmediaciones y que podr\u00edan venderse al mejor postor. O sea, una cultura ancestral expuesta al antojo de desaprensivos para lucro personal.<\/span><\/span><\/p>\n<p align=\"JUSTIFY\"><span style=\"font-family: 'Arial Black', sans-serif;\"><span>En las proximidades del Genal, hermano de la cuenca del Guadiaro, se erige el d\u00f3lmen de Encinas Borrachas, un curioso nombre para una formaci\u00f3n arbustiva que en \u00e9pocas pret\u00e9ritas merced al empuje de los vientos inclin\u00f3 sus follaje hacia uno de los lados, de ah\u00ed lo de \u201cborrachas\u201d, respondiendo al gracejo de los nativos del serrano pueblo Alpandeire, a un tiro de Ronda. Data el d\u00f3lmen, seg\u00fan los estudiosos del megalitismo en la zona, de la \u00e9poca del calcol\u00edtico y las excavaciones en sus cercan\u00edas permiti\u00f3 dar a luz un enterramiento de varios individuos cuyos restos \u00f3seos daban muestras de irregularidades en la configuraci\u00f3n corporal.<\/span><\/span><\/p>\n<p align=\"JUSTIFY\"><span style=\"font-family: 'Arial Black', sans-serif;\"><span>La necr\u00f3polis de La Planilla, sin salirnos de la comarca ronde\u00f1a, fue datada a principios de la Edad del Bronce y supone un conjunto de cuatro enterramientos con similitudes de los hallazgos de este tipo en el casco hist\u00f3rico de Ronda, lo que evidenciar\u00eda una relaci\u00f3n directa con los asentamientos de hom\u00ednidos, noci\u00f3n \u00e9sta con vinculaciones a la evoluci\u00f3n del ser humano o primates superiores cercanos al Homo Sapiens.<\/span><\/span><\/p>\n<p align=\"JUSTIFY\"><span style=\"font-family: 'Arial Black', sans-serif;\"><span>Sea como fuere, lo cierto es que no es patente una preocupaci\u00f3n en la zona por perpetuar sin menoscabo de su integridad estas reliquias que hablan de nuestro pasado y que en otros lugares de la misma provincia son evidentes, tales los D\u00f3lmenes de Antequera y su conjunto arqueol\u00f3gico,bien protegido por autoridades y nativos. En Ronda se debiera secundar el ejemplo y no relegar indiscutibles huellas de su pasado.<\/span><\/span><\/p>\n<\/div>\n<\/div>\n<\/div>\n<\/div>\n<\/div>\n<\/div>\n<\/div>\n<\/div>\n<div>\n<div>\n<table cellspacing=\"0\" cellpadding=\"0\">\n<tbody>\n<tr>\n<td>\n<ul>\n<li>\u00a9 2016 Microsoft<\/li>\n<li><a id=\"uxp_ftr_link_legal\" tabindex=\"60\" href=\"http:\/\/go.microsoft.com\/fwlink\/?LinkID=530144\" target=\"_self\" rel=\"external nofollow\">T\u00e9rminos<\/a><\/li>\n<li><a id=\"uxp_ftr_link_privacy\" tabindex=\"60\" href=\"http:\/\/go.microsoft.com\/fwlink\/p\/?LinkId=521839\" target=\"_self\" rel=\"external nofollow\">Privacidad y cookies<\/a><\/li>\n<li data-jsv=\"#515_\"><a id=\"uxp_ftr_link_developers\" tabindex=\"60\" href=\"http:\/\/dev.outlook.com\/\" target=\"_self\" rel=\"external nofollow\">Desarrolladores<\/a><\/li>\n<li data-jsv=\"\/515_#516_\"><a tabindex=\"60\" href=\"https:\/\/dub130.mail.live.com\/mail\/options.aspx?subsection=12&#038;n=705249794\" target=\"_self\" rel=\"external nofollow\">Espa\u00f1ol<\/a><\/li>\n<\/ul>\n<\/td>\n<\/tr>\n<\/tbody>\n<\/table>\n<\/div>\n<\/div>\n<\/div>\n<div id=\"RightRailContainer\"><\/div>\n","protected":false},"excerpt":{"rendered":"<p>JOS\u00c9 BECERRA En cualquiera otra zona de la ancha Espa\u00f1a se sentir\u00edan orgullosos de poseer en su t\u00e9rmino municipal un rico tesoro prehist\u00f3rico y desde siempre lo habr\u00edan puesto en valor. No echan en saco roto lo que Cicer\u00f3n pensaba al respecto un siglo antes de nuestra Era: \u201cLa historia&#8230; testigo de los tiempos, luz [&hellip;]<\/p>\n","protected":false},"author":27495,"featured_media":0,"comment_status":"open","ping_status":"open","sticky":false,"template":"","format":"standard","meta":[],"categories":[21],"tags":[379,896,958],"_links":{"self":[{"href":"https:\/\/blogs.diariosur.es\/avuelapluma\/wp-json\/wp\/v2\/posts\/2581"}],"collection":[{"href":"https:\/\/blogs.diariosur.es\/avuelapluma\/wp-json\/wp\/v2\/posts"}],"about":[{"href":"https:\/\/blogs.diariosur.es\/avuelapluma\/wp-json\/wp\/v2\/types\/post"}],"author":[{"embeddable":true,"href":"https:\/\/blogs.diariosur.es\/avuelapluma\/wp-json\/wp\/v2\/users\/27495"}],"replies":[{"embeddable":true,"href":"https:\/\/blogs.diariosur.es\/avuelapluma\/wp-json\/wp\/v2\/comments?post=2581"}],"version-history":[{"count":0,"href":"https:\/\/blogs.diariosur.es\/avuelapluma\/wp-json\/wp\/v2\/posts\/2581\/revisions"}],"wp:attachment":[{"href":"https:\/\/blogs.diariosur.es\/avuelapluma\/wp-json\/wp\/v2\/media?parent=2581"}],"wp:term":[{"taxonomy":"category","embeddable":true,"href":"https:\/\/blogs.diariosur.es\/avuelapluma\/wp-json\/wp\/v2\/categories?post=2581"},{"taxonomy":"post_tag","embeddable":true,"href":"https:\/\/blogs.diariosur.es\/avuelapluma\/wp-json\/wp\/v2\/tags?post=2581"}],"curies":[{"name":"wp","href":"https:\/\/api.w.org\/{rel}","templated":true}]}}