{"id":2586,"date":"2016-06-15T12:04:27","date_gmt":"2016-06-15T10:04:27","guid":{"rendered":"http:\/\/blogs.diariosur.es\/avuelapluma\/?p=2586"},"modified":"2016-06-15T12:04:27","modified_gmt":"2016-06-15T10:04:27","slug":"arrieritos-somos","status":"publish","type":"post","link":"https:\/\/blogs.diariosur.es\/avuelapluma\/2016\/06\/15\/arrieritos-somos\/","title":{"rendered":"\u201cArrieritos somos&#8230;\u201d"},"content":{"rendered":"<p align=\"JUSTIFY\">\n<p align=\"JUSTIFY\"><img src=\"\/\/www.diariosur.es\/multimedia\/201406\/02\/media\/ronda%20(4).jpg\" alt=\"\" \/><\/p>\n<p align=\"JUSTIFY\">\n<p align=\"JUSTIFY\"><span style=\"color: #000000;\">\u201c<span style=\"font-family: 'Arial Black', sans-serif;\"><span>Arrieritos somos&#8230;\u201d<\/span><\/span><\/span><\/p>\n<p align=\"JUSTIFY\">JOS\u00c9 BECERRA<\/p>\n<p align=\"JUSTIFY\"><span style=\"color: #000000;\"><span style=\"font-family: 'Arial Black', sans-serif;\"><span>Uno tras otro, Ronda, y en concreto su Ayuntamiento y asociaciones culturales, no cejan en su empe\u00f1o de reverdecer el pasado rom\u00e1ntico de la ciudad, convocando eventos que tienen como trasfondo ese momento hist\u00f3rico-social y cultural que nos vino de Europa pero que arraig\u00f3 profundamente en la Espa\u00f1a de la segunda mitad del XIX. <\/span><\/span><\/span><\/p>\n<p align=\"JUSTIFY\"><span style=\"color: #000000;\"> <span style=\"font-family: 'Arial Black', sans-serif;\"><span>Unas breves pinceladas sobre el per\u00edodo rom\u00e1ntico podr\u00edan familiarizarnos con este movimiento que posee connotaciones evidentes tanto sociales como pol\u00edticas y econ\u00f3micas. El pensamiento europeo bascula entre el idealismo de Hegel y el materialismo de Feuernbach. Existe una n\u00edtida separaci\u00f3n entre nobleza, burgues\u00eda y proletariado, este \u00faltimo sustentado por la Revoluci\u00f3n Industrial, la cual a su vez engendra el liberalismo al un\u00edsono con la aparici\u00f3n de las doctrinas socialistas. Se observa una exacerbaci\u00f3n de sentimientos y pasiones que culminan con la exaltaci\u00f3n del yo y las ansias de libertad, rasgos que conviven con una vuelta a la Naturaleza y a la predilecci\u00f3n por bosques perdidos y frondosos y escenarios ex\u00f3ticos. Lo que importa ahora son las peculiaridades del pueblo propio y la vuelta a tradiciones y costumbres fenecidas y tratar de rescatar del olvido a toda costa. Es la sublimaci\u00f3n del yo y la aparici\u00f3n de personajes tales como bandoleros, contrabandistas y arrieros que se empe\u00f1an en despreciar los c\u00e1nones establecidos por las clases sociales superiores. <\/span><\/span><\/span><\/p>\n<p align=\"JUSTIFY\"><span style=\"color: #000000;\"> <span style=\"font-family: 'Arial Black', sans-serif;\"><span>Estamos ante una comarca del interior malague\u00f1o que desde siglos pasados viene ejerciendo una poderosa atracci\u00f3n, no solo para quienes habitan en cualesquiera de las provincias espa\u00f1olas sino que, remontando fronteras, esta Serran\u00eda de Ronda, siempre m\u00edtica y misteriosa, fue objeto de admiraci\u00f3n por parte de viajeros extranjeros que no dudaron en adentrarse en su interior encandilados por sus intrincados reductos y pasmados ante la colosal estampas de sus enriscadas alturas p\u00e9treas. Eso sin mencionar la pl\u00e9yade de escritores rom\u00e1nticos, sobre todos brit\u00e1nicos y franceses, que de estos parajes se ocuparon en profundidad y con delectaci\u00f3n durante el siglo decimon\u00f3nico, entre los que destacaron por sus acertadas descripciones Washington Irwing, Alejandro Dumas, George Sand y Teophile Gautier.<\/span><\/span><\/span><\/p>\n<p align=\"JUSTIFY\"><span style=\"color: #000000;\"> <span style=\"font-family: 'Arial Black', sans-serif;\"><span>La \u201cRuta Arriera de la Serran\u00eda de Ronda\u201d, que peri\u00f3dicamente organiza la Asociaci\u00f3n Senderista <em>Pasos Largos<\/em>, a la que presta su colaboraci\u00f3n el Consistorio ronde\u00f1o, no persigue sino rescatar del olvido antiqu\u00edsimos caminos en su d\u00eda transitado por gente de mal vivir como bandoleros de mal renombre, o quienes cifraron en el contrabando del tabaco o la arrier\u00eda su medio de vida.<\/span><\/span><\/span><\/p>\n<p align=\"JUSTIFY\"><span style=\"color: #000000;\"> <span style=\"font-family: 'Arial Black', sans-serif;\"><span>Esta ruta con sabor santiguo que se viene convocando peri\u00f3dicamente me retrotrae a mis a\u00f1os imberbes cuando contemplaba extasiado el paso de arrieros por los senderos y calles de mi pueblo, esponjado entre los recovecos y pliegues p\u00e9treos de la Serran\u00eda de Ronda siempre m\u00edtica y misteriosa. Bestias de carga cansinas trasportaban sobre sus lomos, a veces de manera inmisericorde, le\u00f1a, arena, toneles de vino mosto,costales de trigo o harina y mochilas de tabaco. Detr\u00e1s o a horcajadas jinetes arre\u00e1ndolas o azotando sin piedad sus ancas con finas varas de membrillo; adusta la tez, el ojo avizor, porque no siempre el transporte era leg\u00edtimo y honrado.<\/span><\/span><\/span><\/p>\n<p align=\"JUSTIFY\"><span style=\"color: #000000;\"> <span style=\"font-family: 'Arial Black', sans-serif;\"><span>Pocos habitantes de los pueblos de la Serran\u00eda pueden presumir que sus antepasados no fueron arrieros en alguna ocasi\u00f3n, entre otras cosas porque los veh\u00edculos de tracci\u00f3n mec\u00e1nica brillaban por su ausencia y era obligado recurrir a los animales de carga. As\u00ed que veredas y caminos daban forma a unas bulliciosas y ajetreadas escenas que fueron trasladadas fielmente al lienzo por pintores malague\u00f1os de la talla de Moreno Carbonero o Guillermo G\u00f3mez Gil; los \u00f3leos de \u201cLa fuente de Reding\u201d o \u201cCampesino\u201d, son buenos ejemplos de ello.<\/span><\/span><\/span><\/p>\n<p align=\"JUSTIFY\"><span style=\"color: #000000;\"> <span style=\"font-family: 'Arial Black', sans-serif;\"><span>De aqu\u00e9llos tiempos remotos nos llega el dicho socarr\u00f3n y avieso \u201cArrieritos somos y en el caminito nos encontraremos\u201d. Algo que tarde o temprano ten\u00eda que ocurrir porque los pedregosos caminos eran un medio obligado de tr\u00e1nsito de personas y lentos jumentos o caballos briosos, caracter\u00edsticos de una \u00e9poca ya fenecida y que no existe sino en la memoria. La evocamos con no poca delectaci\u00f3n.<\/span><\/span><\/span><\/p>\n<p align=\"JUSTIFY\">Foto: Diario SUR<\/p>\n<p align=\"JUSTIFY\">\n","protected":false},"excerpt":{"rendered":"<p>\u201cArrieritos somos&#8230;\u201d JOS\u00c9 BECERRA Uno tras otro, Ronda, y en concreto su Ayuntamiento y asociaciones culturales, no cejan en su empe\u00f1o de reverdecer el pasado rom\u00e1ntico de la ciudad, convocando eventos que tienen como trasfondo ese momento hist\u00f3rico-social y cultural que nos vino de Europa pero que arraig\u00f3 profundamente en la Espa\u00f1a de la segunda [&hellip;]<\/p>\n","protected":false},"author":27495,"featured_media":0,"comment_status":"open","ping_status":"open","sticky":false,"template":"","format":"standard","meta":[],"categories":[19],"tags":[100,923],"_links":{"self":[{"href":"https:\/\/blogs.diariosur.es\/avuelapluma\/wp-json\/wp\/v2\/posts\/2586"}],"collection":[{"href":"https:\/\/blogs.diariosur.es\/avuelapluma\/wp-json\/wp\/v2\/posts"}],"about":[{"href":"https:\/\/blogs.diariosur.es\/avuelapluma\/wp-json\/wp\/v2\/types\/post"}],"author":[{"embeddable":true,"href":"https:\/\/blogs.diariosur.es\/avuelapluma\/wp-json\/wp\/v2\/users\/27495"}],"replies":[{"embeddable":true,"href":"https:\/\/blogs.diariosur.es\/avuelapluma\/wp-json\/wp\/v2\/comments?post=2586"}],"version-history":[{"count":0,"href":"https:\/\/blogs.diariosur.es\/avuelapluma\/wp-json\/wp\/v2\/posts\/2586\/revisions"}],"wp:attachment":[{"href":"https:\/\/blogs.diariosur.es\/avuelapluma\/wp-json\/wp\/v2\/media?parent=2586"}],"wp:term":[{"taxonomy":"category","embeddable":true,"href":"https:\/\/blogs.diariosur.es\/avuelapluma\/wp-json\/wp\/v2\/categories?post=2586"},{"taxonomy":"post_tag","embeddable":true,"href":"https:\/\/blogs.diariosur.es\/avuelapluma\/wp-json\/wp\/v2\/tags?post=2586"}],"curies":[{"name":"wp","href":"https:\/\/api.w.org\/{rel}","templated":true}]}}