{"id":2587,"date":"2016-06-20T09:53:47","date_gmt":"2016-06-20T07:53:47","guid":{"rendered":"http:\/\/blogs.diariosur.es\/avuelapluma\/?p=2587"},"modified":"2016-06-20T09:53:47","modified_gmt":"2016-06-20T07:53:47","slug":"2587","status":"publish","type":"post","link":"https:\/\/blogs.diariosur.es\/avuelapluma\/2016\/06\/20\/2587\/","title":{"rendered":"El terral, antesala del infierno"},"content":{"rendered":"<p>&nbsp;<\/p>\n<p>&nbsp;<\/p>\n<p><img src=\"\/\/www.diariosur.es\/noticias\/201407\/16\/media\/cortadas\/calor--575x323.jpg\" alt=\"\" \/><\/p>\n<p><span style=\"font-family: 'Times New Roman';\"><strong>El terral, antesala del infierno<\/strong><\/span><\/p>\n<p><span style=\"color: #000000; font-family: 'Times New Roman'; font-size: small;\">Jos\u00e9 Becerra<\/span><\/p>\n<p align=\"left\">\n<p align=\"left\">\n<p align=\"left\"><strong>Los vientos, el aire en movimiento, como nos ense\u00f1aban en la clase de Geograf\u00eda Descriptiva, se producen por diferencias de presi\u00f3n atmosf\u00e9rica, fen\u00f3meno que se atribuye a temperaturas desiguales. Tambi\u00e9n nos ense\u00f1aban que los vientos se clasificaban en cuatro clases principales: dominantes (alisios); estacionales (los monzones del mar de la China); cicl\u00f3nicos ( hurac\u00e1n, tornado), y, por \u00faltimo, locales (vientos de levante y de terral, por ejemplo).<\/strong><\/p>\n<p align=\"left\"><strong>\u00a0\u00a0 Los vientos \u2013 y esto es de manual de sicolog\u00eda \u2013 influyen en el car\u00e1cter de las personas, inciden en su \u00e1nimo y perturban el normal transcurso de sus vidas en determinados momentos, sobre todo los de \u00edndole local.<\/strong><\/p>\n<p align=\"left\"><strong>\u00a0\u00a0 La ventisca local que en el interior de la provincia malague\u00f1a m\u00e1s se teme, tanto en el invierno como en el verano, es el de levante. Es este un viento que encrespa los \u00e1nimos, que solivianta, que pone los nervios a flor de piel. Seco, sofocante aun en d\u00edas invernales es este un viento, casi siempre racheado, levantisco que perturba y desazona como ning\u00fan otro.<\/strong><\/p>\n<p align=\"left\"><strong>\u00a0\u00a0 Su hermano, en M\u00e1laga capital y ciudades ribere\u00f1as de la provincia, es el terral, que s\u00f3lo sopla en verano pero que nos llega de poniente a lo sumo media docena de veces a lo largo de la estaci\u00f3n y con una duraci\u00f3n que casi nunca llega a dos d\u00edas consecutivos. A veces, no dura sino horas. Suficientes, sin embargo, para que se le considere como la \u201cbete noir\u201d, que dir\u00edan los gabachos, para el agradable est\u00edo que, por lo general, brinda la capital de la Costa del Sol. Hemos tenido una muestra d\u00edas atr\u00e1s y nos ha ense\u00f1ado los dientes, \u00a1y de qu\u00e9 manera!<\/strong><\/p>\n<p align=\"left\"><strong>\u00a0\u00a0 Uno, que no cree ya en el infierno, se acuerda cuando era ni\u00f1o c\u00f3mo los curas de otros tiempos anatematizaban desde el p\u00falpito a sus fieles flagel\u00e1ndoles con los males del castigo de ir a parar a este lugar si se incurr\u00eda en pecados mortales. Sintiendo las mordeduras del terral, piensa en el terral como algo muy parecido a aquellas desdichas con las que nos amenazaban anta\u00f1o. Vivirlo, si no se cuenta con la tecnolog\u00eda que lo hace m\u00e1s soportable, es como vivir unos d\u00edas infernales.<\/strong><\/p>\n<p align=\"left\"><strong>\u00a0\u00a0 Cuando sopla el terral, arisco y denso, las calles de la capital y las de los pueblos costeros pr\u00f3ximos, castigadas implacablemente tienden a quedarse desiertas. Los pocos viandantes que se aventuran a salir de sus viviendas caminan presurosos y maldicen entre dientes. El viento caliente que azota el rostro como una cataplasma impone su ley, pero no es ruidoso como otros vientos, los que hacen crujir las maderas de las ventanas y sacuden sin piedad sus batientes, no, el terral, ni llega ni se hace notar de forma aparatosa. Pero eso no le exime de su felon\u00eda: en cuanto hace acto de presencia abofetea la cara sin contemplaciones; al cuerpo lo hace m\u00e1s gr\u00e1vido, a las entendederas m\u00e1s lentas. Estrecha el cerco contra las personas, que se sienten de pronto atrapadas, inmersas en una sensaci\u00f3n agobiante, en una desaz\u00f3n que atenaza y de la que se ans\u00eda escapar, cada cual recurriendo a los medios que pueda tener a su alcance.<\/strong><\/p>\n<p align=\"left\"><strong>\u00a0\u00a0 Al viento de terral no hay quien no le tema. \u201cSeca la mollera\u201d, dicen los m\u00e1s viejos en los pueblos de la costa. Con \u00e9l anda la gente cabizbaja y caminan como perro apaleado. Duelen las muelas, reaviva las dolencias del cuerpo, saca la tripa de los quebrados, se revuelve inquieta la parturienta, interrumpe el ciclo menstrual femenino y escurre las ubres del ganado. \u201cMala cosa el terral\u201d, dicen unos y otros, cuando se tropiezan en el camino. \u201cVaya si lo es\u201d.<\/strong><\/p>\n<p align=\"left\"><strong>\u00a0\u00a0 Pero el d\u00edscolo viento malague\u00f1o cuando de verdad desespera es de noche. Si no se dispone de aire acondicionado es in\u00fatil que se abran las ventanas, ni que funcione el ventilador; no se har\u00e1 con estos pobres recursos sino transportar a mayor velocidad la atm\u00f3sfera candente que lo envuelve todo. Ahuyenta el sue\u00f1o, roba el descanso, se empapan las s\u00e1banas de sudor; una y otra vez buscamos en la nevera que el fr\u00edo de un l\u00edquido alivie por lo menos con su tr\u00e1nsito el ardor de la garganta, con lo que no logramos sino sentirnos congestionados, ah\u00edtos. Rezongos, imprecaciones, mala leche.<\/strong><\/p>\n<p align=\"left\"><strong>Con el terral el taciturno se hace m\u00e1s hura\u00f1o, el inquieto m\u00e1s irritable. Los pensamientos \u00a0se lentecen y los deseos inocentes se enturbian.<\/strong><\/p>\n<p align=\"left\">Foto: Diario Sur<\/p>\n<p align=\"left\">\n","protected":false},"excerpt":{"rendered":"<p>&nbsp; &nbsp; El terral, antesala del infierno Jos\u00e9 Becerra Los vientos, el aire en movimiento, como nos ense\u00f1aban en la clase de Geograf\u00eda Descriptiva, se producen por diferencias de presi\u00f3n atmosf\u00e9rica, fen\u00f3meno que se atribuye a temperaturas desiguales. Tambi\u00e9n nos ense\u00f1aban que los vientos se clasificaban en cuatro clases principales: dominantes (alisios); estacionales (los monzones [&hellip;]<\/p>\n","protected":false},"author":27495,"featured_media":0,"comment_status":"open","ping_status":"open","sticky":false,"template":"","format":"standard","meta":[],"categories":[17],"tags":[176,645,1012],"_links":{"self":[{"href":"https:\/\/blogs.diariosur.es\/avuelapluma\/wp-json\/wp\/v2\/posts\/2587"}],"collection":[{"href":"https:\/\/blogs.diariosur.es\/avuelapluma\/wp-json\/wp\/v2\/posts"}],"about":[{"href":"https:\/\/blogs.diariosur.es\/avuelapluma\/wp-json\/wp\/v2\/types\/post"}],"author":[{"embeddable":true,"href":"https:\/\/blogs.diariosur.es\/avuelapluma\/wp-json\/wp\/v2\/users\/27495"}],"replies":[{"embeddable":true,"href":"https:\/\/blogs.diariosur.es\/avuelapluma\/wp-json\/wp\/v2\/comments?post=2587"}],"version-history":[{"count":0,"href":"https:\/\/blogs.diariosur.es\/avuelapluma\/wp-json\/wp\/v2\/posts\/2587\/revisions"}],"wp:attachment":[{"href":"https:\/\/blogs.diariosur.es\/avuelapluma\/wp-json\/wp\/v2\/media?parent=2587"}],"wp:term":[{"taxonomy":"category","embeddable":true,"href":"https:\/\/blogs.diariosur.es\/avuelapluma\/wp-json\/wp\/v2\/categories?post=2587"},{"taxonomy":"post_tag","embeddable":true,"href":"https:\/\/blogs.diariosur.es\/avuelapluma\/wp-json\/wp\/v2\/tags?post=2587"}],"curies":[{"name":"wp","href":"https:\/\/api.w.org\/{rel}","templated":true}]}}