{"id":2590,"date":"2016-06-24T11:38:38","date_gmt":"2016-06-24T09:38:38","guid":{"rendered":"http:\/\/blogs.diariosur.es\/avuelapluma\/?p=2590"},"modified":"2016-06-24T11:38:38","modified_gmt":"2016-06-24T09:38:38","slug":"dos-nuevos-monumentos-naturales-en-la-provincia","status":"publish","type":"post","link":"https:\/\/blogs.diariosur.es\/avuelapluma\/2016\/06\/24\/dos-nuevos-monumentos-naturales-en-la-provincia\/","title":{"rendered":"Dos nuevos Monumentos Naturales en la provincia"},"content":{"rendered":"<p align=\"JUSTIFY\">\n<p align=\"JUSTIFY\"><img src=\"\/\/www.paisajeshermosos.com\/wp-content\/uploads\/2012\/08\/paisajes-hermosos-tajo-de-ronda.jpg\" alt=\"\" \/><\/p>\n<p align=\"JUSTIFY\">\n<p align=\"JUSTIFY\">\n<p align=\"JUSTIFY\"><img src=\"\/\/static.malaga.es\/malaga\/subidas\/imagenes\/6\/6\/arc_200766_g.png\" alt=\"\" \/><\/p>\n<p align=\"JUSTIFY\"><strong><span style=\"color: #000000;\"><span style=\"font-family: 'Arial Black', sans-serif;\"><span>Dos nuevos Monumentos Naturales en la provincia<\/span><\/span><\/span><\/strong><\/p>\n<p align=\"JUSTIFY\">Jos\u00e9 Becerra<\/p>\n<p align=\"JUSTIFY\"><strong><span style=\"color: #000000;\"><span style=\"font-family: 'Arial Black', sans-serif;\"><span>\u00a1Albricias! \u00a1Se logr\u00f3! No se sabe si obedeciendo a esa cascada de promesas que nos inundan en tiempos de elecciones, desde la Junta de Andaluc\u00eda se anuncia que el Tajo de Ronda y la cueva del Hundidero de Montejaque lograr\u00e1n el marchamo de Monumentos Naturales. Ocurre tras a\u00f1os de ser solicitado por las autoridades competentes de ambas demarcaciones municipales. Han sido a\u00f1os de espera pero al fin parece, seas como fuere, que el reconocimiento se materializa. Es lo que se desprende de la promesa del consejero de Medio Ambiente y Ordenaci\u00f3n del Territorio, Jos\u00e9 Fiscal, efectuada d\u00edas atr\u00e1s en una visita a la ciudad del Tajo.<\/span><\/span><\/span><\/strong><\/p>\n<p align=\"JUSTIFY\"><strong><span style=\"color: #000000;\"> <span style=\"font-family: 'Arial Black', sans-serif;\"><span><strong>Ambos espacios ostentan las caracter\u00edsticas que se exigen para ser considerados como tales, a saber, singularidad, rareza y belleza del paisaje, elementos que aglutinan con creces,am\u00e9n de los geol\u00f3gicos, geogr\u00e1ficos y ecoculturales. En lo que toca al Tajo hay que resaltar su profundidad (alrededor de 100 metros) como resultado de la acci\u00f3n erosiva del r\u00edo Guadalev\u00edn, patente desde \u00e9pocas pret\u00e9ritas, posiblemente antediluvianas, sin olvidar la avifauna que nidifica en la angostura aprovechando las escabrosidades sinuosas, sobre todo (y son certezas de ornit\u00f3logos de prestigio), como cern\u00edcalos, halcones peregrinos, b\u00fahos reales y otras especies que se encuentran a gusto y seguros en las oquedades profusas que el singular espacio les ofrece.<\/strong><\/span><\/span><\/span><\/strong><\/p>\n<p><strong>\u00a0<\/strong><strong><span style=\"color: #000000;\"><span style=\"font-family: 'Arial Black', sans-serif;\"><span>El Tajo, colosal hendidura que labr\u00f3 el r\u00edo en la roca viva durante el transcurso de siglos, quiz\u00e1s de milenios, como digo,es el distintivo que con mayor propiedad refleja la imagen que de Ronda se tiene aqu\u00ed y allende fronteras. Y sobre \u00e9l, silueteando el zigzagueante cauce del r\u00edo, que busca ansioso el caudal del Guadiaro,el Puente Nuevo, cabalgando con soltura y despreciando la levedad del espacio. <\/span><\/span><\/span><\/strong><\/p>\n<p><strong><span style=\"color: #000000;\"> <span style=\"font-family: 'Arial Black', sans-serif;\"><span><strong>Tajo y Puente, postal fiel que refleja la cara de una ciudad que resulta ser una de las cuatro m\u00e1s reputadas en el panorama variopinto de las ciudades de Andaluc\u00eda. <\/strong><\/span><\/span><\/span><\/strong><\/p>\n<p align=\"JUSTIFY\"><strong> <\/strong><strong><span style=\"color: #222222;\"><span style=\"font-family: 'Arial Black', sans-serif;\"><span>Han transcurrido m\u00e1s de dos siglos, a\u00f1os m\u00e1s a\u00f1os menos, desde que el Puente Nuevo de Ronda se abriera al p\u00fablico. Un colosal monumento fruto de la conjunci\u00f3n entre lo natural y la ingenier\u00eda del siglo XVIII,\u00a0 que ha sido\u00a0 desde entonces la estampa\u00a0 m\u00e1s reproducida en folletos y libros que centran sus p\u00e1ginas en la \u201cCiudad So\u00f1ada\u201d de Rilke, en cualquiera de sus manifestaciones art\u00edsticas, culturales o hist\u00f3ricas. Es el buque insignia de la ciudad, como asimismo dela Serran\u00edaque de cerca la acompa\u00f1a y la\u00a0 corteja.<\/span><\/span><\/span><\/strong><\/p>\n<p align=\"JUSTIFY\"><span style=\"color: #222222;\">\u00a0\u00a0<\/span><strong><span style=\"color: #222222;\"><span style=\"font-family: 'Arial Black', sans-serif;\"><span>El\u00a0 Puente Nuevo, de tan magn\u00edficas trazas,\u00a0 adem\u00e1s de dividir el caser\u00edo ronde\u00f1o sirve de referente a las sierras que desde \u00e9l se otean como\u00a0 contrapeso a las moles de caliza\u00a0 y espesa vegetaci\u00f3n que las componen.\u00a0 La piedra trabajada con esmero hasta dar forma a una grandiosa obra del hombre,\u00a0 y como equivalencia,\u00a0 las lajas, el roquedo, tal como se configuraron tras los\u00a0 movimientos\u00a0 tel\u00faricos y la erosi\u00f3n\u00a0 de milenios en la noche oscura de los tiempos.\u00a0 Profundidad casi insondable y elevaciones p\u00e9treas igualmente rec\u00f3nditas, amalgama que sirve a Ronda y su Serran\u00eda m\u00edtica como abanderados de su fisonom\u00eda en medio mundo. <\/span><\/span><\/span><\/strong><\/p>\n<p align=\"JUSTIFY\"><strong><span style=\"color: #222222;\"> <span style=\"font-family: 'Arial Black', sans-serif;\"><span><strong>No<\/strong><\/span><\/span><\/span><\/strong><strong><span style=\"color: #222222;\"><span style=\"font-family: 'Arial Black', sans-serif;\"><span> es casual que los grandes sillares, arm\u00f3nicamente dispuestos que se elevan y soportan el perfil del puente y su atrevida arquer\u00eda sobre el impresionante vac\u00edo, que como todo lo abismal, sobrecoge y suspende el \u00e1nimo, haya sido escogido como la estampa que mejor define a la ciudad y una regi\u00f3n. La obra del arquitecto turolense, afincado en M\u00e1laga, Mart\u00edn de Aldehuela, brinda el mismo poder evocador que espolea las imaginaciones cuando desde otras fronteras o l\u00edmites geogr\u00e1ficos a\u00f1oramos o revivimos encuentros con otros lugares. El Puente Nuevo nos retrotrae a Ronda, como igual lo hacen a sus ciudades en las que se erigen el Ca\u00f1\u00f3n del Colorado, el Machu Pichu de Cuzco,\u00a0 el Coliseo de Roma, el Acueducto de Segovia o la Mezquita de C\u00f3rdoba.<\/span><\/span><\/span><\/strong><strong><\/strong><\/p>\n<p align=\"JUSTIFY\"><strong><span style=\"color: #000000;\"> <span style=\"font-family: 'Arial Black', sans-serif;\"><span><strong>\u00bfY qu\u00e9 decir de la cueva del Hundidero, hermana de la espelunca del Gato, a las que une las corrientes, a veces salvajes, del r\u00edo Gaduares o Campobuche y que atraviesa las sierras abruptas de Montejaque y Benaoj\u00e1n? Ambas conforman un singular sistema de galer\u00edas tenebrosas de impresionante vistosidad y que reflejan un mundo asombroso y m\u00e1gico que se antoja rebelde a las leyes naturales. Un mundo oculto rayano en el misterio, celoso de su grandiosidad, de ah\u00ed el peligro que entra\u00f1a adentrarse en \u00e9l si no se es avezado en la aventura de hollar las entra\u00f1as de la Tierra.<\/strong><\/span><\/span><\/span><\/strong><\/p>\n<p align=\"JUSTIFY\">\n<p align=\"JUSTIFY\">\n","protected":false},"excerpt":{"rendered":"<p>Dos nuevos Monumentos Naturales en la provincia Jos\u00e9 Becerra \u00a1Albricias! \u00a1Se logr\u00f3! No se sabe si obedeciendo a esa cascada de promesas que nos inundan en tiempos de elecciones, desde la Junta de Andaluc\u00eda se anuncia que el Tajo de Ronda y la cueva del Hundidero de Montejaque lograr\u00e1n el marchamo de Monumentos Naturales. Ocurre [&hellip;]<\/p>\n","protected":false},"author":27495,"featured_media":0,"comment_status":"open","ping_status":"open","sticky":false,"template":"","format":"standard","meta":[],"categories":[21],"tags":[311,401,701],"_links":{"self":[{"href":"https:\/\/blogs.diariosur.es\/avuelapluma\/wp-json\/wp\/v2\/posts\/2590"}],"collection":[{"href":"https:\/\/blogs.diariosur.es\/avuelapluma\/wp-json\/wp\/v2\/posts"}],"about":[{"href":"https:\/\/blogs.diariosur.es\/avuelapluma\/wp-json\/wp\/v2\/types\/post"}],"author":[{"embeddable":true,"href":"https:\/\/blogs.diariosur.es\/avuelapluma\/wp-json\/wp\/v2\/users\/27495"}],"replies":[{"embeddable":true,"href":"https:\/\/blogs.diariosur.es\/avuelapluma\/wp-json\/wp\/v2\/comments?post=2590"}],"version-history":[{"count":0,"href":"https:\/\/blogs.diariosur.es\/avuelapluma\/wp-json\/wp\/v2\/posts\/2590\/revisions"}],"wp:attachment":[{"href":"https:\/\/blogs.diariosur.es\/avuelapluma\/wp-json\/wp\/v2\/media?parent=2590"}],"wp:term":[{"taxonomy":"category","embeddable":true,"href":"https:\/\/blogs.diariosur.es\/avuelapluma\/wp-json\/wp\/v2\/categories?post=2590"},{"taxonomy":"post_tag","embeddable":true,"href":"https:\/\/blogs.diariosur.es\/avuelapluma\/wp-json\/wp\/v2\/tags?post=2590"}],"curies":[{"name":"wp","href":"https:\/\/api.w.org\/{rel}","templated":true}]}}