{"id":2618,"date":"2016-08-01T09:25:14","date_gmt":"2016-08-01T07:25:14","guid":{"rendered":"http:\/\/blogs.diariosur.es\/avuelapluma\/?p=2618"},"modified":"2016-08-01T09:25:14","modified_gmt":"2016-08-01T07:25:14","slug":"el-desatino-de-nuestros-politicos","status":"publish","type":"post","link":"https:\/\/blogs.diariosur.es\/avuelapluma\/2016\/08\/01\/el-desatino-de-nuestros-politicos\/","title":{"rendered":"El desatino de nuestros pol\u00edticos"},"content":{"rendered":"<p><a id=\"detail\" href=\"http:\/\/www.bing.com\/images\/search?q=imagenes+de+pol%c3%adticos+espa%c3%b1oles&#038;view=detailv2&#038;&#038;id=DE19E5E381FC52A05931B2F6FFFED5468ECADBD1&#038;selectedIndex=97&#038;ccid=yct0vpZW&#038;simid=608038770311628906&#038;thid=OIP.Mc9cb74be96565b45adeae1ba5fd687b1o0\" rel=\"external nofollow\"><img src=\"\/\/tse1.mm.bing.net\/th?&#038;id=OIP.Mc9cb74be96565b45adeae1ba5fd687b1o0&#038;w=300&#038;h=180&#038;c=0&#038;pid=1.9&#038;rs=0&#038;p=0\" alt=\"\" \/><\/a><\/p>\n<p><strong>He escogido esta expresi\u00f3n \u2013 desatino- \u00a0como parte\u00a0\u00a0titular siendo muy indulgente contra los que va dirigida. No quiero abundar en los calificativos perversos y exabruptos \u00a0que hoy por hoy machaconamente emplea la mayor parte de la ciudadan\u00eda refiri\u00e9ndose a los que conforman por el momento la panoplia de los que ans\u00edan dirigir el pa\u00eds, y en consecuencia, nuestros destinos. Son ep\u00edtetos m\u00e1s contundentes que hablan a las claras de la indisposici\u00f3n que el bien llamado\u201d pueblo llano\u201d, en el que muy a gusto me encuentro, dirigen a quienes no acaban de encontrar una soluci\u00f3n viable para las circunstancias en las que nos movemos.<\/strong><\/p>\n<p><strong>\u00a0\u00a0 Encarg\u00f3 el Jefe del Estado la formaci\u00f3n de Gobierno a Rajoy y \u00e9ste acepto en primera instancia, pero sin desvelar sus intenciones de someterse o no\u00a0 a la investidura, que pese a lo que expl\u00edcitamente se\u00f1ala la Constituci\u00f3n, a saber, someterse por consiguiente a esa ceremonia, se vuelve a estar en el aire y sin saber con qu\u00e9 cartas quedarnos.<\/strong><\/p>\n<p><strong>No est\u00e1 solventado el dilema, ni mucho menos, al menos que se sepa, porque no hay que descartar conversaciones subterr\u00e1neas entre partidos encaminadas a la consecuci\u00f3n de este fin. Lo que trasciende, empero, es que el Partido Popular no va a prescindir de Rajoy como obcecadamente piden los l\u00edderes del PSOE y Ciudadano, condici\u00f3n <em>sine qua\u00a0 non<\/em> para que \u00e9stos concedan su benepl\u00e1cito a la figura del presidente del Gobierno en funciones.<\/strong><\/p>\n<p><strong>\u00a0\u00a0 No acertamos a entender las posiciones irreductibles de quienes abogan por que no haya terceras elecciones \u2013 nefastas para el pa\u00eds, a todas luces &#8211; \u00a0y a la vez niegan el pan y el agua a quienes pretenden salvarnos de esa eventualidad manteni\u00e9ndose firmes en posiciones que nadie con dos dedos de luces, que decimos en mi tierra, entienden y que vienen socavando el inter\u00e9s general.<\/strong><\/p>\n<p><strong>\u00a0\u00a0 Estanos asqueados de este espect\u00e1culo ignominioso que ofrecen un d\u00eda s\u00ed y otro tambi\u00e9n la cerraz\u00f3n de los pol\u00edticos que no miran sino a su propio ombligo con desprecio absoluto a los prop\u00f3sitos de quienes les votaron. El hartazgo de los espa\u00f1olitos de calle y acera es evidente, tanto que ya se contemplan movilizaciones en contra de los pol\u00edticos, todos los de cabeza de c\u00e1rtel, para que dejen paso a otros que de verdad se ocupen de los problemas del pueblo, que no son pocos, y s\u00ed, muy \u00a0apremiantes. Caras nuevas en el panorama pol\u00edtico del pa\u00eds capaces de enderezar los diversos y peliagudos asuntos que hoy por hoy nos embargan y que no est\u00e9n siempre barriendo en direcci\u00f3n a sus propios intereses.<\/strong><\/p>\n<p><strong>\u00a0<\/strong><\/p>\n","protected":false},"excerpt":{"rendered":"<p>He escogido esta expresi\u00f3n \u2013 desatino- \u00a0como parte\u00a0\u00a0titular siendo muy indulgente contra los que va dirigida. No quiero abundar en los calificativos perversos y exabruptos \u00a0que hoy por hoy machaconamente emplea la mayor parte de la ciudadan\u00eda refiri\u00e9ndose a los que conforman por el momento la panoplia de los que ans\u00edan dirigir el pa\u00eds, y [&hellip;]<\/p>\n","protected":false},"author":27495,"featured_media":0,"comment_status":"open","ping_status":"open","sticky":false,"template":"","format":"standard","meta":[],"categories":[22],"tags":[344,764,833],"_links":{"self":[{"href":"https:\/\/blogs.diariosur.es\/avuelapluma\/wp-json\/wp\/v2\/posts\/2618"}],"collection":[{"href":"https:\/\/blogs.diariosur.es\/avuelapluma\/wp-json\/wp\/v2\/posts"}],"about":[{"href":"https:\/\/blogs.diariosur.es\/avuelapluma\/wp-json\/wp\/v2\/types\/post"}],"author":[{"embeddable":true,"href":"https:\/\/blogs.diariosur.es\/avuelapluma\/wp-json\/wp\/v2\/users\/27495"}],"replies":[{"embeddable":true,"href":"https:\/\/blogs.diariosur.es\/avuelapluma\/wp-json\/wp\/v2\/comments?post=2618"}],"version-history":[{"count":0,"href":"https:\/\/blogs.diariosur.es\/avuelapluma\/wp-json\/wp\/v2\/posts\/2618\/revisions"}],"wp:attachment":[{"href":"https:\/\/blogs.diariosur.es\/avuelapluma\/wp-json\/wp\/v2\/media?parent=2618"}],"wp:term":[{"taxonomy":"category","embeddable":true,"href":"https:\/\/blogs.diariosur.es\/avuelapluma\/wp-json\/wp\/v2\/categories?post=2618"},{"taxonomy":"post_tag","embeddable":true,"href":"https:\/\/blogs.diariosur.es\/avuelapluma\/wp-json\/wp\/v2\/tags?post=2618"}],"curies":[{"name":"wp","href":"https:\/\/api.w.org\/{rel}","templated":true}]}}